{"id":895,"date":"2026-02-15T16:06:57","date_gmt":"2026-02-15T15:06:57","guid":{"rendered":"https:\/\/wmc.paris\/?p=895"},"modified":"2026-08-25T22:18:57","modified_gmt":"2026-08-25T20:18:57","slug":"wmc-grande-evasion","status":"publish","type":"post","link":"https:\/\/wmc.paris\/index.php\/2026\/02\/15\/wmc-grande-evasion\/","title":{"rendered":"Grande \u00c9vasion #03 \u2014 Auvergne"},"content":{"rendered":"<div>GRANDE \u00c9VASION \u00b7 SAISON 2026<\/div>\n<h1>GRANDE \u00c9VASION #03<br \/><em>AUVERGNE<\/em><\/h1>\n<div>\n<p>Trois jours de route autour de Clermont-Ferrand, entre reliefs, autonomie et aventure collective.<\/p>\n<\/div>\n<ul>\n<li>\n<p>\n        <a href=\"#le-recit\">D\u00c9COUVRIR LE R\u00c9CIT \u2193<\/a>\n    <\/p>\n<\/li>\n<li>\n<p>\n        <a href=\"\/index.php\/evenements\/\">TOUS LES \u00c9V\u00c9NEMENTS<\/a>\n    <\/p>\n<\/li>\n<\/ul>\n<div>\n<p>        <img decoding=\"async\" src=\"\/wp-content\/uploads\/2026\/08\/wmc-grande-evasion-03-groupe.webp\" alt=\"Grande \u00c9vasion 03 \u2014 groupe WMC en Auvergne\"><\/p>\n<h3>GRANDE \u00c9VASION #03 <em>AUVERGNE<\/em><\/h3>\n<p>GRANDE \u00c9VASION \u00b7 SAISON 2026<\/p>\n<div>Trois jours de route autour de Clermont-Ferrand, entre reliefs, autonomie et aventure collective.<\/div>\n<p><a href=\"#le-recit\">D\u00c9COUVRIR \u2192<\/a><\/p>\n<\/div>\n<div>\n<h3>8\u201410 MAI 2026<\/h3>\n<p>DATE<\/p>\n<\/div>\n<div>\n<h3>CLERMONT-FERRAND<\/h3>\n<p>BOUCLE<\/p>\n<\/div>\n<div>\n<h3>ENVIRON 298 KM<\/h3>\n<p>DISTANCE<\/p>\n<\/div>\n<div>\n<h3>3 JOURS<\/h3>\n<p>FORMAT<\/p>\n<\/div>\n<div>UNE GRANDE \u00c9VASION EN TROIS \u00c9TAPES<\/div>\n<h2>ROULER PLUS LOIN. RESTER ENSEMBLE.<\/h2>\n<div>\n<p>La troisi\u00e8me Grande \u00c9vasion WMC a reli\u00e9 Clermont-Ferrand, Issoire et Thiers avant un retour au point de d\u00e9part. Pr\u00e8s de 300 kilom\u00e8tres, deux nuits sur la route et un itin\u00e9raire construit autour des paysages d\u2019Auvergne.<\/p>\n<\/div>\n<div>\n<h3>CLERMONT \u2192 ISSOIRE<\/h3>\n<p>J1<\/p>\n<div>Environ 121 km et 2 626 m de d\u00e9nivel\u00e9 positif. Passage par Orcival, le lac de Gu\u00e9ry, Saint-Nectaire et recharge au Mont-Dore.<\/div>\n<\/div>\n<div>\n<h3>ISSOIRE \u2192 THIERS<\/h3>\n<p>J2<\/p>\n<div>Environ 94 km et 1 869 m de d\u00e9nivel\u00e9 positif. Une \u00e9tape d\u2019endurance avec recharge pr\u00e9vue \u00e0 Cunlhat.<\/div>\n<\/div>\n<div>\n<h3>THIERS \u2192 CLERMONT<\/h3>\n<p>J3<\/p>\n<div>Environ 83 km par Lezoux, Billom, Vic-le-Comte et le plateau de Gergovie pour refermer la boucle.<\/div>\n<\/div>\n<div>L\u2019ESPRIT DU FORMAT<\/div>\n<h2>AUTONOMIE, ENDURANCE ET ORGANISATION<\/h2>\n<div>\n<p>Cette aventure demandait une roue d\u2019au moins 2 400 Wh, un chargeur adapt\u00e9 et une vraie gestion de l\u2019effort. Le rythme, les pauses et les recharges ont \u00e9t\u00e9 pens\u00e9s pour garder le groupe uni sur les trois journ\u00e9es.<\/p>\n<ul>\n<li>Briefing avant le d\u00e9part<\/li>\n<li>Casque, gants et \u00e9clairage adapt\u00e9s<\/li>\n<li>Batterie et chargeur selon la distance<\/li>\n<li>Arriv\u00e9e collective<\/li>\n<\/ul>\n<\/div>\n<div>RETOUR SUR L\u2019\u00c9V\u00c9NEMENT<\/div>\n<h2>LA GRANDE \u00c9VASION #03<br \/>EN IMAGES<\/h2>\n<div>\n<p>Retrouve une s\u00e9lection officielle des trois jours en Auvergne : le crew, les routes, les pauses et l\u2019\u00e9quipement qui ont rythm\u00e9 pr\u00e8s de 300 kilom\u00e8tres.<\/p>\n<\/div>\n<ul>\n<li>\n<p>        <img decoding=\"async\" src=\"\/wp-content\/uploads\/2026\/08\/wmc-grande-evasion-03-groupe.webp\" alt=\"Grande \u00c9vasion 03 \u2014 le groupe en Auvergne\"><\/p>\n<h3>L\u2019HISTOIRE EN IMAGES.<\/h3>\n<p>GRANDE \u00c9VASION #03<\/p>\n<div>Retrouve une s\u00e9lection officielle des trois jours en Auvergne : le crew, les routes, les pauses et l\u2019\u00e9quipement qui ont rythm\u00e9 pr\u00e8s de 300 kilom\u00e8tres.<\/div>\n<\/li>\n<li>\n<p>        <img decoding=\"async\" src=\"\/wp-content\/uploads\/2026\/08\/wmc-grande-evasion-03-auvergne-route-video.webp\" alt=\"Grande \u00c9vasion 03 \u2014 wheelers sur une route d\u2019Auvergne\"><\/p>\n<h3>TEMPS FORT 02<\/h3>\n<p>GRANDE \u00c9VASION #03<\/p>\n<div>Retrouve une s\u00e9lection officielle des trois jours en Auvergne : le crew, les routes, les pauses et l\u2019\u00e9quipement qui ont rythm\u00e9 pr\u00e8s de 300 kilom\u00e8tres.<\/div>\n<\/li>\n<li>\n<p>        <img decoding=\"async\" src=\"\/wp-content\/uploads\/2026\/08\/wmc-grande-evasion-03-pilote-01.webp\" alt=\"Grande \u00c9vasion 03 \u2014 participant sur la route\"><\/p>\n<h3>TEMPS FORT 03<\/h3>\n<p>GRANDE \u00c9VASION #03<\/p>\n<div>Retrouve une s\u00e9lection officielle des trois jours en Auvergne : le crew, les routes, les pauses et l\u2019\u00e9quipement qui ont rythm\u00e9 pr\u00e8s de 300 kilom\u00e8tres.<\/div>\n<\/li>\n<li>\n<p>        <img decoding=\"async\" src=\"\/wp-content\/uploads\/2026\/08\/wmc-grande-evasion-03-pilote-02.webp\" alt=\"Grande \u00c9vasion 03 \u2014 participant \u00e9quip\u00e9\"><\/p>\n<h3>TEMPS FORT 04<\/h3>\n<p>GRANDE \u00c9VASION #03<\/p>\n<div>Retrouve une s\u00e9lection officielle des trois jours en Auvergne : le crew, les routes, les pauses et l\u2019\u00e9quipement qui ont rythm\u00e9 pr\u00e8s de 300 kilom\u00e8tres.<\/div>\n<\/li>\n<li>\n<p>        <img decoding=\"async\" src=\"\/wp-content\/uploads\/2026\/08\/wmc-grande-evasion-03-pilote-03.webp\" alt=\"Grande \u00c9vasion 03 \u2014 pause sur le parcours\"><\/p>\n<h3>TEMPS FORT 05<\/h3>\n<p>GRANDE \u00c9VASION #03<\/p>\n<div>Retrouve une s\u00e9lection officielle des trois jours en Auvergne : le crew, les routes, les pauses et l\u2019\u00e9quipement qui ont rythm\u00e9 pr\u00e8s de 300 kilom\u00e8tres.<\/div>\n<\/li>\n<li>\n<p>        <img decoding=\"async\" src=\"\/wp-content\/uploads\/2026\/08\/wmc-grande-evasion-03-pilote-04.webp\" alt=\"Grande \u00c9vasion 03 \u2014 protection et \u00e9quipement\"><\/p>\n<h3>TEMPS FORT 06<\/h3>\n<p>GRANDE \u00c9VASION #03<\/p>\n<div>Retrouve une s\u00e9lection officielle des trois jours en Auvergne : le crew, les routes, les pauses et l\u2019\u00e9quipement qui ont rythm\u00e9 pr\u00e8s de 300 kilom\u00e8tres.<\/div>\n<\/li>\n<li>\n<p>        <img decoding=\"async\" src=\"\/wp-content\/uploads\/2026\/08\/wmc-grande-evasion-03-resume-video.webp\" alt=\"Grande \u00c9vasion 03 \u2014 vignette du r\u00e9sum\u00e9 vid\u00e9o\"><\/p>\n<h3>TEMPS FORT 07<\/h3>\n<p>GRANDE \u00c9VASION #03<\/p>\n<div>Retrouve une s\u00e9lection officielle des trois jours en Auvergne : le crew, les routes, les pauses et l\u2019\u00e9quipement qui ont rythm\u00e9 pr\u00e8s de 300 kilom\u00e8tres.<\/div>\n<\/li>\n<\/ul>\n<div>VID\u00c9OS DU SERVEUR WMC<\/div>\n<h2>TROIS REGARDS SUR L\u2019AVENTURE.<\/h2>\n<div>\n<p>Les s\u00e9quences originales sont int\u00e9gr\u00e9es comme \u00e9l\u00e9ments Vid\u00e9o YOOtheme, sans lecture automatique.<\/p>\n<\/div>\n<p><video src=\"\/wp-content\/uploads\/2026\/07\/5-WMC-WMC-GRANDE-EVASION-nouvelle-saison-ca-redemarre-fort-Faceb.mp4\" poster=\"\"><\/video><br \/>\n<video src=\"\/wp-content\/uploads\/2026\/02\/grande_evasion.mp4\" poster=\"\"><\/video><br \/>\n<video src=\"\/wp-content\/uploads\/2026\/03\/roue.mp4\" poster=\"\"><\/video><\/p>\n<div>PUBLICATION OFFICIELLE<\/div>\n<h2>MERCI POUR CETTE GRANDE \u00c9VASION #03<\/h2>\n<div>\n<p>Retrouve l\u2019album et le message publi\u00e9s apr\u00e8s l\u2019arriv\u00e9e du crew.<\/p>\n<\/div>\n<p><p>\n        <a href=\"\/index.php\/media\/#recits-evenements\">VOIR LE R\u00c9CIT WMC \u2192<\/a>\n    <\/p>\n<\/p>\n<div>\n<h3>D\u00c9COUVRE LES AUTRES \u00c9V\u00c9NEMENTS WMC<\/h3>\n<p>POURSUIVRE L\u2019HISTOIRE<\/p>\n<div>Tous les rendez-vous, photos et films.<\/div>\n<p><a href=\"\/index.php\/evenements\/\">TOUS LES \u00c9V\u00c9NEMENTS \u2192<\/a><\/p>\n<\/div>\n<p><p>\n        <a href=\"\/index.php\/media\/\">PHOTOS ET FILMS<\/a>\n    <\/p>\n<\/p>\n<p><!--more--><br \/>\n<!-- {\"type\":\"layout\",\"children\":[{\"type\":\"section\",\"name\":\"SEC \u2014 Grande \u00c9vasion #03 \u2014 Hero natif\",\"props\":{\"class\":\"wmc-page-v11 wmc-native-page\",\"css\":\".el-section{background:#f8f6f1}.wmc-native-hero-copy{display:flex;flex-direction:column;justify-content:center;padding:clamp(54px,7vw,110px)}.wmc-native-hero-copy h1{font-size:clamp(62px,7vw,112px);line-height:.86}.wmc-native-hero-overlay,.wmc-native-hero-overlay .uk-inline,.wmc-native-hero-overlay img{width:100%;height:720px}.wmc-native-hero-overlay img{object-fit:cover}@media(max-width:959px){.wmc-native-hero-overlay,.wmc-native-hero-overlay .uk-inline,.wmc-native-hero-overlay img{height:480px}}@media(max-width:1350px) and (min-width:960px){.el-section>.uk-container>.tm-grid-expand{display:block!important}.el-section>.uk-container>.tm-grid-expand>.uk-width-1-2\\\\@m{width:100%!important}.wmc-native-hero-overlay,.wmc-native-hero-overlay .uk-inline,.wmc-native-hero-overlay img{height:540px!important}}@media(max-width:959px){.wmc-native-hero-overlay,.wmc-native-hero-overlay .uk-inline,.wmc-native-hero-overlay img{height:56.25vw!important;min-height:220px!important;max-height:480px!important}}\",\"id\":\"wmc-grande-evasion-03-native-hero\",\"image_position\":\"center-center\",\"padding_bottom\":\"none\",\"padding_top\":\"none\",\"style\":\"default\",\"title_breakpoint\":\"xl\",\"title_position\":\"top-left\",\"title_rotation\":\"left\",\"vertical_align\":\"middle\",\"width\":\"expand\"},\"children\":[{\"type\":\"row\",\"name\":\"Hero Grande \u00c9vasion #03\",\"props\":{\"column_gap\":\"collapse\",\"layout\":\"1-2,1-2\"},\"children\":[{\"type\":\"column\",\"props\":{\"class\":\"wmc-native-hero-copy\",\"image_position\":\"center-center\",\"position_sticky_breakpoint\":\"m\",\"width_medium\":\"1-2\"},\"children\":[{\"type\":\"text\",\"name\":\"Sur-titre du hero\",\"props\":{\"animation\":\"slide-left-medium\",\"class\":\"wmc-v11-kicker\",\"column_breakpoint\":\"m\",\"content\":\"GRANDE \u00c9VASION \u00b7 SAISON 2026\",\"margin_bottom\":\"default\",\"margin_top\":\"default\"}},{\"type\":\"headline\",\"name\":\"Titre principal\",\"props\":{\"animation\":\"slide-left-medium\",\"animation_delay\":\"80\",\"content\":\"GRANDE \u00c9VASION #03<br \/><em>AUVERGNE<\/em>\",\"image_align\":\"left\",\"image_margin\":\"xsmall\",\"margin_top\":\"small\",\"title_element\":\"h1\",\"title_style\":\"heading-xlarge\"}},{\"type\":\"text\",\"name\":\"Introduction du hero\",\"props\":{\"animation\":\"slide-left-medium\",\"animation_delay\":\"150\",\"column_breakpoint\":\"m\",\"content\":\"\n\n<p>Trois jours de route autour de Clermont-Ferrand, entre reliefs, autonomie et aventure collective.<\/p>\n\n\",\"margin_bottom\":\"default\",\"margin_top\":\"remove\"}},{\"type\":\"button\",\"name\":\"Actions du hero\",\"props\":{\"animation\":\"slide-left-medium\",\"animation_delay\":\"220\",\"grid_column_gap\":\"small\",\"grid_row_gap\":\"small\",\"margin_bottom\":\"default\",\"margin_top\":\"default\"},\"children\":[{\"type\":\"button_item\",\"props\":{\"button_style\":\"primary\",\"content\":\"D\u00c9COUVRIR LE R\u00c9CIT \u2193\",\"dialog_layout\":\"modal\",\"dialog_offcanvas_flip\":true,\"icon_align\":\"left\",\"link\":\"#le-recit\"}},{\"type\":\"button_item\",\"props\":{\"button_style\":\"default\",\"content\":\"TOUS LES \u00c9V\u00c9NEMENTS\",\"dialog_layout\":\"modal\",\"dialog_offcanvas_flip\":true,\"icon_align\":\"left\",\"link\":\"\/index.php\/evenements\/\"}}]}]},{\"type\":\"column\",\"props\":{\"image_position\":\"center-center\",\"position_sticky_breakpoint\":\"m\",\"width_medium\":\"1-2\"},\"children\":[{\"type\":\"overlay\",\"name\":\"Visuel du hero\",\"props\":{\"animation\":\"slide-right-medium\",\"class\":\"wmc-native-hero-overlay\",\"content\":\"Trois jours de route autour de Clermont-Ferrand, entre reliefs, autonomie et aventure collective.\",\"image\":\"\/wp-content\/uploads\/2026\/08\/wmc-grande-evasion-03-groupe.webp\",\"image_alt\":\"Grande \u00c9vasion 03 \u2014 groupe WMC en Auvergne\",\"link\":\"#le-recit\",\"link_style\":\"default\",\"link_text\":\"D\u00c9COUVRIR \u2192\",\"margin_bottom\":\"default\",\"margin_top\":\"default\",\"meta\":\"GRANDE \u00c9VASION \u00b7 SAISON 2026\",\"meta_align\":\"below-title\",\"meta_element\":\"div\",\"meta_style\":\"text-meta\",\"overlay_hover\":true,\"overlay_mode\":\"cover\",\"overlay_position\":\"bottom-left\",\"overlay_style\":\"overlay-primary\",\"overlay_transition\":\"fade\",\"text_align\":\"center\",\"text_color\":\"light\",\"title\":\"GRANDE \u00c9VASION #03 <em>AUVERGNE<\/em>\",\"title_element\":\"h3\",\"title_hover_style\":\"reset\"}}]}]}]},{\"type\":\"section\",\"name\":\"SEC \u2014 Grande \u00c9vasion #03 \u2014 Rep\u00e8res natifs\",\"props\":{\"class\":\"wmc-page-v11 wmc-native-page\",\"css\":\".el-section{padding-left:clamp(24px,5vw,84px);padding-right:clamp(24px,5vw,84px)}.wmc-event-stat{min-height:170px;padding:26px;border:1px solid rgba(7,19,28,.14);background:#faf8f4}.wmc-event-stat .el-meta{color:#ee2737;font-weight:900;letter-spacing:.12em}.wmc-event-stat h3{font-size:28px}\",\"id\":\"grande-evasion-03-reperes\",\"image_position\":\"center-center\",\"padding_bottom\":\"large\",\"padding_top\":\"large\",\"style\":\"default\",\"title_breakpoint\":\"xl\",\"title_position\":\"top-left\",\"title_rotation\":\"left\",\"vertical_align\":\"middle\",\"width\":\"expand\"},\"children\":[{\"type\":\"row\",\"name\":\"Rep\u00e8res de l\u2019\u00e9v\u00e9nement\",\"props\":{\"column_gap\":\"small\",\"layout\":\"1-4,1-4,1-4,1-4\"},\"children\":[{\"type\":\"column\",\"props\":{\"image_position\":\"center-center\",\"position_sticky_breakpoint\":\"m\",\"width_medium\":\"1-4\"},\"children\":[{\"type\":\"panel\",\"name\":\"Rep\u00e8re \u2014 DATE\",\"props\":{\"animation\":\"slide-bottom-medium\",\"animation_delay\":\"0\",\"class\":\"wmc-event-stat\",\"content\":\"\",\"content_column_breakpoint\":\"m\",\"image_align\":\"top\",\"image_grid_breakpoint\":\"m\",\"image_grid_width\":\"1-2\",\"image_svg_color\":\"emphasis\",\"link_style\":\"default\",\"link_text\":\"Read more\",\"margin_bottom\":\"default\",\"margin_top\":\"default\",\"meta\":\"DATE\",\"meta_align\":\"below-title\",\"meta_element\":\"div\",\"meta_style\":\"text-meta\",\"title\":\"8\u201410 MAI 2026\",\"title_align\":\"top\",\"title_element\":\"h3\",\"title_grid_breakpoint\":\"m\",\"title_grid_width\":\"1-2\",\"title_hover_style\":\"reset\"}}]},{\"type\":\"column\",\"props\":{\"image_position\":\"center-center\",\"position_sticky_breakpoint\":\"m\",\"width_medium\":\"1-4\"},\"children\":[{\"type\":\"panel\",\"name\":\"Rep\u00e8re \u2014 BOUCLE\",\"props\":{\"animation\":\"slide-bottom-medium\",\"animation_delay\":\"70\",\"class\":\"wmc-event-stat\",\"content\":\"\",\"content_column_breakpoint\":\"m\",\"image_align\":\"top\",\"image_grid_breakpoint\":\"m\",\"image_grid_width\":\"1-2\",\"image_svg_color\":\"emphasis\",\"link_style\":\"default\",\"link_text\":\"Read more\",\"margin_bottom\":\"default\",\"margin_top\":\"default\",\"meta\":\"BOUCLE\",\"meta_align\":\"below-title\",\"meta_element\":\"div\",\"meta_style\":\"text-meta\",\"title\":\"CLERMONT-FERRAND\",\"title_align\":\"top\",\"title_element\":\"h3\",\"title_grid_breakpoint\":\"m\",\"title_grid_width\":\"1-2\",\"title_hover_style\":\"reset\"}}]},{\"type\":\"column\",\"props\":{\"image_position\":\"center-center\",\"position_sticky_breakpoint\":\"m\",\"width_medium\":\"1-4\"},\"children\":[{\"type\":\"panel\",\"name\":\"Rep\u00e8re \u2014 DISTANCE\",\"props\":{\"animation\":\"slide-bottom-medium\",\"animation_delay\":\"140\",\"class\":\"wmc-event-stat\",\"content\":\"\",\"content_column_breakpoint\":\"m\",\"image_align\":\"top\",\"image_grid_breakpoint\":\"m\",\"image_grid_width\":\"1-2\",\"image_svg_color\":\"emphasis\",\"link_style\":\"default\",\"link_text\":\"Read more\",\"margin_bottom\":\"default\",\"margin_top\":\"default\",\"meta\":\"DISTANCE\",\"meta_align\":\"below-title\",\"meta_element\":\"div\",\"meta_style\":\"text-meta\",\"title\":\"ENVIRON 298 KM\",\"title_align\":\"top\",\"title_element\":\"h3\",\"title_grid_breakpoint\":\"m\",\"title_grid_width\":\"1-2\",\"title_hover_style\":\"reset\"}}]},{\"type\":\"column\",\"props\":{\"image_position\":\"center-center\",\"position_sticky_breakpoint\":\"m\",\"width_medium\":\"1-4\"},\"children\":[{\"type\":\"panel\",\"name\":\"Rep\u00e8re \u2014 FORMAT\",\"props\":{\"animation\":\"slide-bottom-medium\",\"animation_delay\":\"210\",\"class\":\"wmc-event-stat\",\"content\":\"\",\"content_column_breakpoint\":\"m\",\"image_align\":\"top\",\"image_grid_breakpoint\":\"m\",\"image_grid_width\":\"1-2\",\"image_svg_color\":\"emphasis\",\"link_style\":\"default\",\"link_text\":\"Read more\",\"margin_bottom\":\"default\",\"margin_top\":\"default\",\"meta\":\"FORMAT\",\"meta_align\":\"below-title\",\"meta_element\":\"div\",\"meta_style\":\"text-meta\",\"title\":\"3 JOURS\",\"title_align\":\"top\",\"title_element\":\"h3\",\"title_grid_breakpoint\":\"m\",\"title_grid_width\":\"1-2\",\"title_hover_style\":\"reset\"}}]}]}]},{\"type\":\"section\",\"name\":\"SEC \u2014 Grande \u00c9vasion #03 \u2014 R\u00e9cit natif\",\"props\":{\"class\":\"wmc-page-v11 wmc-native-page\",\"css\":\".el-section{padding-left:clamp(24px,5vw,84px);padding-right:clamp(24px,5vw,84px)}.el-section{background:#07131c!important}.el-section h1,.el-section h2,.el-section h3,.el-section p,.el-section li{color:#fff!important}.wmc-event-step{min-height:300px;padding:30px;border:1px solid rgba(255,255,255,.18)}\",\"id\":\"le-recit\",\"image_position\":\"center-center\",\"padding_bottom\":\"large\",\"padding_top\":\"large\",\"style\":\"secondary\",\"text_color\":\"light\",\"title_breakpoint\":\"xl\",\"title_position\":\"top-left\",\"title_rotation\":\"left\",\"vertical_align\":\"middle\",\"width\":\"expand\"},\"children\":[{\"type\":\"row\",\"name\":\"Introduction du r\u00e9cit\",\"props\":{\"layout\":\"1-1\"},\"children\":[{\"type\":\"column\",\"props\":{\"image_position\":\"center-center\",\"position_sticky_breakpoint\":\"m\",\"width_medium\":\"1-1\"},\"children\":[{\"type\":\"text\",\"name\":\"Sur-titre de section\",\"props\":{\"animation\":\"slide-left-medium\",\"class\":\"wmc-v11-kicker\",\"column_breakpoint\":\"m\",\"content\":\"UNE GRANDE \u00c9VASION EN TROIS \u00c9TAPES\",\"margin_bottom\":\"default\",\"margin_top\":\"default\",\"text_color\":\"primary\"}},{\"type\":\"headline\",\"name\":\"Titre de section\",\"props\":{\"animation\":\"slide-left-medium\",\"animation_delay\":\"80\",\"content\":\"ROULER PLUS LOIN. RESTER ENSEMBLE.\",\"image_align\":\"left\",\"image_margin\":\"xsmall\",\"text_color\":\"light\",\"title_element\":\"h2\",\"title_style\":\"heading-small\"}},{\"type\":\"text\",\"name\":\"Introduction de section\",\"props\":{\"animation\":\"slide-left-medium\",\"animation_delay\":\"140\",\"column_breakpoint\":\"m\",\"content\":\"\n\n<p>La troisi\u00e8me Grande \u00c9vasion WMC a reli\u00e9 Clermont-Ferrand, Issoire et Thiers avant un retour au point de d\u00e9part. Pr\u00e8s de 300 kilom\u00e8tres, deux nuits sur la route et un itin\u00e9raire construit autour des paysages d\u2019Auvergne.<\/p>\n\n\",\"margin_bottom\":\"default\",\"margin_top\":\"remove\",\"text_color\":\"light\"}}]}]},{\"type\":\"row\",\"name\":\"\u00c9tapes du r\u00e9cit\",\"props\":{\"column_gap\":\"small\",\"layout\":\"1-3,1-3,1-3\",\"margin_top\":\"large\"},\"children\":[{\"type\":\"column\",\"props\":{\"image_position\":\"center-center\",\"position_sticky_breakpoint\":\"m\",\"width_medium\":\"1-3\"},\"children\":[{\"type\":\"panel\",\"name\":\"\u00c9tape \u2014 CLERMONT \u2192 ISSOIRE\",\"props\":{\"animation\":\"slide-bottom-medium\",\"animation_delay\":\"0\",\"class\":\"wmc-event-step\",\"content\":\"Environ 121 km et 2 626 m de d\u00e9nivel\u00e9 positif. Passage par Orcival, le lac de Gu\u00e9ry, Saint-Nectaire et recharge au Mont-Dore.\",\"content_column_breakpoint\":\"m\",\"image_align\":\"top\",\"image_grid_breakpoint\":\"m\",\"image_grid_width\":\"1-2\",\"image_svg_color\":\"emphasis\",\"link_style\":\"default\",\"link_text\":\"Read more\",\"margin_bottom\":\"default\",\"margin_top\":\"default\",\"meta\":\"J1\",\"meta_align\":\"below-title\",\"meta_element\":\"div\",\"meta_style\":\"text-meta\",\"text_color\":\"light\",\"title\":\"CLERMONT \u2192 ISSOIRE\",\"title_align\":\"top\",\"title_element\":\"h3\",\"title_grid_breakpoint\":\"m\",\"title_grid_width\":\"1-2\",\"title_hover_style\":\"reset\"}}]},{\"type\":\"column\",\"props\":{\"image_position\":\"center-center\",\"position_sticky_breakpoint\":\"m\",\"width_medium\":\"1-3\"},\"children\":[{\"type\":\"panel\",\"name\":\"\u00c9tape \u2014 ISSOIRE \u2192 THIERS\",\"props\":{\"animation\":\"slide-bottom-medium\",\"animation_delay\":\"90\",\"class\":\"wmc-event-step\",\"content\":\"Environ 94 km et 1 869 m de d\u00e9nivel\u00e9 positif. Une \u00e9tape d\u2019endurance avec recharge pr\u00e9vue \u00e0 Cunlhat.\",\"content_column_breakpoint\":\"m\",\"image_align\":\"top\",\"image_grid_breakpoint\":\"m\",\"image_grid_width\":\"1-2\",\"image_svg_color\":\"emphasis\",\"link_style\":\"default\",\"link_text\":\"Read more\",\"margin_bottom\":\"default\",\"margin_top\":\"default\",\"meta\":\"J2\",\"meta_align\":\"below-title\",\"meta_element\":\"div\",\"meta_style\":\"text-meta\",\"text_color\":\"light\",\"title\":\"ISSOIRE \u2192 THIERS\",\"title_align\":\"top\",\"title_element\":\"h3\",\"title_grid_breakpoint\":\"m\",\"title_grid_width\":\"1-2\",\"title_hover_style\":\"reset\"}}]},{\"type\":\"column\",\"props\":{\"image_position\":\"center-center\",\"position_sticky_breakpoint\":\"m\",\"width_medium\":\"1-3\"},\"children\":[{\"type\":\"panel\",\"name\":\"\u00c9tape \u2014 THIERS \u2192 CLERMONT\",\"props\":{\"animation\":\"slide-bottom-medium\",\"animation_delay\":\"180\",\"class\":\"wmc-event-step\",\"content\":\"Environ 83 km par Lezoux, Billom, Vic-le-Comte et le plateau de Gergovie pour refermer la boucle.\",\"content_column_breakpoint\":\"m\",\"image_align\":\"top\",\"image_grid_breakpoint\":\"m\",\"image_grid_width\":\"1-2\",\"image_svg_color\":\"emphasis\",\"link_style\":\"default\",\"link_text\":\"Read more\",\"margin_bottom\":\"default\",\"margin_top\":\"default\",\"meta\":\"J3\",\"meta_align\":\"below-title\",\"meta_element\":\"div\",\"meta_style\":\"text-meta\",\"text_color\":\"light\",\"title\":\"THIERS \u2192 CLERMONT\",\"title_align\":\"top\",\"title_element\":\"h3\",\"title_grid_breakpoint\":\"m\",\"title_grid_width\":\"1-2\",\"title_hover_style\":\"reset\"}}]}]}]},{\"type\":\"section\",\"name\":\"SEC \u2014 Grande \u00c9vasion #03 \u2014 Informations pratiques\",\"props\":{\"class\":\"wmc-page-v11 wmc-native-page\",\"css\":\".el-section{padding-left:clamp(24px,5vw,84px);padding-right:clamp(24px,5vw,84px)}\",\"id\":\"grande-evasion-03-infos\",\"image_position\":\"center-center\",\"padding_bottom\":\"large\",\"padding_top\":\"large\",\"style\":\"default\",\"title_breakpoint\":\"xl\",\"title_position\":\"top-left\",\"title_rotation\":\"left\",\"vertical_align\":\"middle\",\"width\":\"expand\"},\"children\":[{\"type\":\"row\",\"name\":\"Information principale\",\"props\":{\"column_gap\":\"large\",\"layout\":\"2-5,3-5\"},\"children\":[{\"type\":\"column\",\"props\":{\"image_position\":\"center-center\",\"position_sticky_breakpoint\":\"m\",\"width_medium\":\"2-5\"},\"children\":[{\"type\":\"text\",\"name\":\"Sur-titre de section\",\"props\":{\"animation\":\"slide-left-medium\",\"class\":\"wmc-v11-kicker\",\"column_breakpoint\":\"m\",\"content\":\"L\u2019ESPRIT DU FORMAT\",\"margin_bottom\":\"default\",\"margin_top\":\"default\"}},{\"type\":\"headline\",\"name\":\"Titre de section\",\"props\":{\"animation\":\"slide-left-medium\",\"animation_delay\":\"80\",\"content\":\"AUTONOMIE, ENDURANCE ET ORGANISATION\",\"image_align\":\"left\",\"image_margin\":\"xsmall\",\"title_element\":\"h2\",\"title_style\":\"heading-small\"}}]},{\"type\":\"column\",\"props\":{\"image_position\":\"center-center\",\"position_sticky_breakpoint\":\"m\",\"width_medium\":\"3-5\"},\"children\":[{\"type\":\"text\",\"name\":\"Texte pratique\",\"props\":{\"animation\":\"slide-right-medium\",\"column_breakpoint\":\"m\",\"content\":\"\n\n<p>Cette aventure demandait une roue d\u2019au moins 2 400 Wh, un chargeur adapt\u00e9 et une vraie gestion de l\u2019effort. Le rythme, les pauses et les recharges ont \u00e9t\u00e9 pens\u00e9s pour garder le groupe uni sur les trois journ\u00e9es.<\/p>\n\n\n\n<ul>\n\n<li>Briefing avant le d\u00e9part<\/li>\n\n\n\n<li>Casque, gants et \u00e9clairage adapt\u00e9s<\/li>\n\n\n\n<li>Batterie et chargeur selon la distance<\/li>\n\n\n\n<li>Arriv\u00e9e collective<\/li>\n\n<\/ul>\n\n\",\"margin_bottom\":\"default\",\"margin_top\":\"default\"}}]}]}]},{\"type\":\"section\",\"name\":\"SEC \u2014 Grande \u00c9vasion #03 \u2014 Slideshow natif\",\"props\":{\"class\":\"wmc-page-v11 wmc-native-page\",\"css\":\".el-section{padding-left:clamp(24px,5vw,84px);padding-right:clamp(24px,5vw,84px)}.wmc-event-slideshow .uk-slideshow-items{min-height:680px!important}.wmc-event-slideshow img{object-fit:cover}\",\"id\":\"grande-evasion-03-galerie\",\"image_position\":\"center-center\",\"padding_bottom\":\"large\",\"padding_top\":\"large\",\"style\":\"default\",\"title_breakpoint\":\"xl\",\"title_position\":\"top-left\",\"title_rotation\":\"left\",\"vertical_align\":\"middle\",\"width\":\"expand\"},\"children\":[{\"type\":\"row\",\"name\":\"Titre de la galerie\",\"props\":{\"layout\":\"1-1\"},\"children\":[{\"type\":\"column\",\"props\":{\"image_position\":\"center-center\",\"position_sticky_breakpoint\":\"m\",\"width_medium\":\"1-1\"},\"children\":[{\"type\":\"text\",\"name\":\"Sur-titre de section\",\"props\":{\"animation\":\"slide-left-medium\",\"class\":\"wmc-v11-kicker\",\"column_breakpoint\":\"m\",\"content\":\"RETOUR SUR L\u2019\u00c9V\u00c9NEMENT\",\"margin_bottom\":\"default\",\"margin_top\":\"default\"}},{\"type\":\"headline\",\"name\":\"Titre de section\",\"props\":{\"animation\":\"slide-left-medium\",\"animation_delay\":\"80\",\"content\":\"LA GRANDE \u00c9VASION #03<br \/>EN IMAGES\",\"image_align\":\"left\",\"image_margin\":\"xsmall\",\"title_element\":\"h2\",\"title_style\":\"heading-small\"}},{\"type\":\"text\",\"name\":\"Introduction de section\",\"props\":{\"animation\":\"slide-left-medium\",\"animation_delay\":\"140\",\"column_breakpoint\":\"m\",\"content\":\"\n\n<p>Retrouve une s\u00e9lection officielle des trois jours en Auvergne : le crew, les routes, les pauses et l\u2019\u00e9quipement qui ont rythm\u00e9 pr\u00e8s de 300 kilom\u00e8tres.<\/p>\n\n\",\"margin_bottom\":\"default\",\"margin_top\":\"remove\"}}]}]},{\"type\":\"row\",\"name\":\"Slideshow de l\u2019\u00e9v\u00e9nement\",\"props\":{\"layout\":\"1-1\",\"margin_top\":\"large\"},\"children\":[{\"type\":\"column\",\"props\":{\"image_position\":\"center-center\",\"position_sticky_breakpoint\":\"m\",\"width_medium\":\"1-1\"},\"children\":[{\"type\":\"slideshow\",\"name\":\"Slideshow \u2014 Grande \u00c9vasion #03\",\"props\":{\"class\":\"wmc-event-slideshow\",\"link_style\":\"default\",\"link_text\":\"Read more\",\"margin_bottom\":\"default\",\"margin_top\":\"default\",\"meta_align\":\"below-title\",\"meta_element\":\"div\",\"meta_style\":\"text-meta\",\"nav\":\"thumbnav\",\"nav_align\":\"center\",\"nav_breakpoint\":\"s\",\"nav_position\":\"top-right\",\"nav_position_margin\":\"medium\",\"overlay_animation\":\"parallax\",\"overlay_position\":\"bottom-left\",\"show_content\":true,\"show_link\":true,\"show_meta\":true,\"show_thumbnail\":true,\"show_title\":true,\"slidenav\":\"default\",\"slidenav_breakpoint\":\"s\",\"slidenav_margin\":\"medium\",\"slidenav_outside_breakpoint\":\"xl\",\"slideshow_animation\":\"fade\",\"slideshow_autoplay\":true,\"slideshow_autoplay_pause\":true,\"slideshow_min_height\":300,\"slideshow_ratio\":\"16:9\",\"text_color\":\"light\",\"thumbnav_height\":\"75\",\"thumbnav_svg_color\":\"emphasis\",\"thumbnav_width\":\"100\",\"title_element\":\"h3\",\"title_hover_style\":\"reset\"},\"children\":[{\"type\":\"slideshow_item\",\"props\":{\"content\":\"Retrouve une s\u00e9lection officielle des trois jours en Auvergne : le crew, les routes, les pauses et l\u2019\u00e9quipement qui ont rythm\u00e9 pr\u00e8s de 300 kilom\u00e8tres.\",\"image\":\"\/wp-content\/uploads\/2026\/08\/wmc-grande-evasion-03-groupe.webp\",\"image_alt\":\"Grande \u00c9vasion 03 \u2014 le groupe en Auvergne\",\"meta\":\"GRANDE \u00c9VASION #03\",\"title\":\"L\u2019HISTOIRE EN IMAGES.\"}},{\"type\":\"slideshow_item\",\"props\":{\"content\":\"Retrouve une s\u00e9lection officielle des trois jours en Auvergne : le crew, les routes, les pauses et l\u2019\u00e9quipement qui ont rythm\u00e9 pr\u00e8s de 300 kilom\u00e8tres.\",\"image\":\"\/wp-content\/uploads\/2026\/08\/wmc-grande-evasion-03-auvergne-route-video.webp\",\"image_alt\":\"Grande \u00c9vasion 03 \u2014 wheelers sur une route d\u2019Auvergne\",\"meta\":\"GRANDE \u00c9VASION #03\",\"title\":\"TEMPS FORT 02\"}},{\"type\":\"slideshow_item\",\"props\":{\"content\":\"Retrouve une s\u00e9lection officielle des trois jours en Auvergne : le crew, les routes, les pauses et l\u2019\u00e9quipement qui ont rythm\u00e9 pr\u00e8s de 300 kilom\u00e8tres.\",\"image\":\"\/wp-content\/uploads\/2026\/08\/wmc-grande-evasion-03-pilote-01.webp\",\"image_alt\":\"Grande \u00c9vasion 03 \u2014 participant sur la route\",\"meta\":\"GRANDE \u00c9VASION #03\",\"title\":\"TEMPS FORT 03\"}},{\"type\":\"slideshow_item\",\"props\":{\"content\":\"Retrouve une s\u00e9lection officielle des trois jours en Auvergne : le crew, les routes, les pauses et l\u2019\u00e9quipement qui ont rythm\u00e9 pr\u00e8s de 300 kilom\u00e8tres.\",\"image\":\"\/wp-content\/uploads\/2026\/08\/wmc-grande-evasion-03-pilote-02.webp\",\"image_alt\":\"Grande \u00c9vasion 03 \u2014 participant \u00e9quip\u00e9\",\"meta\":\"GRANDE \u00c9VASION #03\",\"title\":\"TEMPS FORT 04\"}},{\"type\":\"slideshow_item\",\"props\":{\"content\":\"Retrouve une s\u00e9lection officielle des trois jours en Auvergne : le crew, les routes, les pauses et l\u2019\u00e9quipement qui ont rythm\u00e9 pr\u00e8s de 300 kilom\u00e8tres.\",\"image\":\"\/wp-content\/uploads\/2026\/08\/wmc-grande-evasion-03-pilote-03.webp\",\"image_alt\":\"Grande \u00c9vasion 03 \u2014 pause sur le parcours\",\"meta\":\"GRANDE \u00c9VASION #03\",\"title\":\"TEMPS FORT 05\"}},{\"type\":\"slideshow_item\",\"props\":{\"content\":\"Retrouve une s\u00e9lection officielle des trois jours en Auvergne : le crew, les routes, les pauses et l\u2019\u00e9quipement qui ont rythm\u00e9 pr\u00e8s de 300 kilom\u00e8tres.\",\"image\":\"\/wp-content\/uploads\/2026\/08\/wmc-grande-evasion-03-pilote-04.webp\",\"image_alt\":\"Grande \u00c9vasion 03 \u2014 protection et \u00e9quipement\",\"meta\":\"GRANDE \u00c9VASION #03\",\"title\":\"TEMPS FORT 06\"}},{\"type\":\"slideshow_item\",\"props\":{\"content\":\"Retrouve une s\u00e9lection officielle des trois jours en Auvergne : le crew, les routes, les pauses et l\u2019\u00e9quipement qui ont rythm\u00e9 pr\u00e8s de 300 kilom\u00e8tres.\",\"image\":\"\/wp-content\/uploads\/2026\/08\/wmc-grande-evasion-03-resume-video.webp\",\"image_alt\":\"Grande \u00c9vasion 03 \u2014 vignette du r\u00e9sum\u00e9 vid\u00e9o\",\"meta\":\"GRANDE \u00c9VASION #03\",\"title\":\"TEMPS FORT 07\"}}]}]}]}]},{\"type\":\"section\",\"name\":\"SEC \u2014 Grande \u00c9vasion #03 \u2014 Vid\u00e9os natives\",\"props\":{\"class\":\"wmc-page-v11 wmc-native-page\",\"css\":\".el-section{padding-left:clamp(24px,5vw,84px);padding-right:clamp(24px,5vw,84px)}.el-section{background:#07131c!important}.el-section h1,.el-section h2,.el-section h3,.el-section p,.el-section li{color:#fff!important}\",\"id\":\"grande-evasion-03-videos\",\"image_position\":\"center-center\",\"padding_bottom\":\"large\",\"padding_top\":\"large\",\"style\":\"secondary\",\"text_color\":\"light\",\"title_breakpoint\":\"xl\",\"title_position\":\"top-left\",\"title_rotation\":\"left\",\"vertical_align\":\"middle\",\"width\":\"expand\"},\"children\":[{\"type\":\"row\",\"name\":\"Titre vid\u00e9os\",\"props\":{\"layout\":\"1-1\"},\"children\":[{\"type\":\"column\",\"props\":{\"image_position\":\"center-center\",\"position_sticky_breakpoint\":\"m\",\"width_medium\":\"1-1\"},\"children\":[{\"type\":\"text\",\"name\":\"Sur-titre de section\",\"props\":{\"animation\":\"slide-left-medium\",\"class\":\"wmc-v11-kicker\",\"column_breakpoint\":\"m\",\"content\":\"VID\u00c9OS DU SERVEUR WMC\",\"margin_bottom\":\"default\",\"margin_top\":\"default\",\"text_color\":\"primary\"}},{\"type\":\"headline\",\"name\":\"Titre de section\",\"props\":{\"animation\":\"slide-left-medium\",\"animation_delay\":\"80\",\"content\":\"TROIS REGARDS SUR L\u2019AVENTURE.\",\"image_align\":\"left\",\"image_margin\":\"xsmall\",\"text_color\":\"light\",\"title_element\":\"h2\",\"title_style\":\"heading-small\"}},{\"type\":\"text\",\"name\":\"Introduction de section\",\"props\":{\"animation\":\"slide-left-medium\",\"animation_delay\":\"140\",\"column_breakpoint\":\"m\",\"content\":\"\n\n<p>Les s\u00e9quences originales sont int\u00e9gr\u00e9es comme \u00e9l\u00e9ments Vid\u00e9o YOOtheme, sans lecture automatique.<\/p>\n\n\",\"margin_bottom\":\"default\",\"margin_top\":\"remove\",\"text_color\":\"light\"}}]}]},{\"type\":\"row\",\"name\":\"Lecteurs vid\u00e9o\",\"props\":{\"column_gap\":\"small\",\"layout\":\"1-3,1-3,1-3\",\"margin_top\":\"large\"},\"children\":[{\"type\":\"column\",\"props\":{\"image_position\":\"center-center\",\"position_sticky_breakpoint\":\"m\",\"width_medium\":\"1-3\"},\"children\":[{\"type\":\"video\",\"name\":\"Vid\u00e9o \u2014 Annonce Grande \u00c9vasion 03\",\"props\":{\"image\":\"\/wp-content\/uploads\/2026\/08\/wmc-grande-evasion-03-groupe.webp\",\"margin_bottom\":\"default\",\"margin_top\":\"default\",\"video\":\"\/wp-content\/uploads\/2026\/07\/5-WMC-WMC-GRANDE-EVASION-nouvelle-saison-ca-redemarre-fort-Faceb.mp4\",\"video_autoplay\":false,\"video_controls\":true,\"video_loading\":\"lazy\",\"video_loop\":false}}]},{\"type\":\"column\",\"props\":{\"image_position\":\"center-center\",\"position_sticky_breakpoint\":\"m\",\"width_medium\":\"1-3\"},\"children\":[{\"type\":\"video\",\"name\":\"Vid\u00e9o \u2014 R\u00e9sum\u00e9 Grande \u00c9vasion 03\",\"props\":{\"image\":\"\/wp-content\/uploads\/2026\/08\/wmc-grande-evasion-03-resume-video.webp\",\"margin_bottom\":\"default\",\"margin_top\":\"default\",\"video\":\"\/wp-content\/uploads\/2026\/02\/grande_evasion.mp4\",\"video_autoplay\":false,\"video_controls\":true,\"video_loading\":\"lazy\",\"video_loop\":false}}]},{\"type\":\"column\",\"props\":{\"image_position\":\"center-center\",\"position_sticky_breakpoint\":\"m\",\"width_medium\":\"1-3\"},\"children\":[{\"type\":\"video\",\"name\":\"Vid\u00e9o \u2014 \u00c9quipement Grande \u00c9vasion 03\",\"props\":{\"image\":\"\/wp-content\/uploads\/2026\/08\/wmc-grande-evasion-03-pilote-04.webp\",\"margin_bottom\":\"default\",\"margin_top\":\"default\",\"video\":\"\/wp-content\/uploads\/2026\/03\/roue.mp4\",\"video_autoplay\":false,\"video_controls\":true,\"video_loading\":\"lazy\",\"video_loop\":false}}]}]}]},{\"type\":\"section\",\"name\":\"SEC \u2014 Grande \u00c9vasion #03 \u2014 Publication et CTA\",\"props\":{\"class\":\"wmc-page-v11 wmc-native-page\",\"css\":\".el-section{padding-left:clamp(24px,5vw,84px);padding-right:clamp(24px,5vw,84px)}.el-section{background:#07131c!important}.el-section h1,.el-section h2,.el-section h3,.el-section p,.el-section li{color:#fff!important}\",\"id\":\"grande-evasion-03-cta\",\"image_position\":\"center-center\",\"padding_bottom\":\"large\",\"padding_top\":\"large\",\"style\":\"secondary\",\"text_color\":\"light\",\"title_breakpoint\":\"xl\",\"title_position\":\"top-left\",\"title_rotation\":\"left\",\"vertical_align\":\"middle\",\"width\":\"expand\"},\"children\":[{\"type\":\"row\",\"name\":\"Publication et navigation\",\"props\":{\"column_gap\":\"large\",\"layout\":\"2-3,1-3\"},\"children\":[{\"type\":\"column\",\"props\":{\"image_position\":\"center-center\",\"position_sticky_breakpoint\":\"m\",\"width_medium\":\"2-3\"},\"children\":[{\"type\":\"text\",\"name\":\"Sur-titre de section\",\"props\":{\"animation\":\"slide-left-medium\",\"class\":\"wmc-v11-kicker\",\"column_breakpoint\":\"m\",\"content\":\"PUBLICATION OFFICIELLE\",\"margin_bottom\":\"default\",\"margin_top\":\"default\",\"text_color\":\"primary\"}},{\"type\":\"headline\",\"name\":\"Titre de section\",\"props\":{\"animation\":\"slide-left-medium\",\"animation_delay\":\"80\",\"content\":\"MERCI POUR CETTE GRANDE \u00c9VASION #03\",\"image_align\":\"left\",\"image_margin\":\"xsmall\",\"text_color\":\"light\",\"title_element\":\"h2\",\"title_style\":\"heading-small\"}},{\"type\":\"text\",\"name\":\"Introduction de section\",\"props\":{\"animation\":\"slide-left-medium\",\"animation_delay\":\"140\",\"column_breakpoint\":\"m\",\"content\":\"\n\n<p>Retrouve l\u2019album et le message publi\u00e9s apr\u00e8s l\u2019arriv\u00e9e du crew.<\/p>\n\n\",\"margin_bottom\":\"default\",\"margin_top\":\"remove\",\"text_color\":\"light\"}},{\"type\":\"button\",\"name\":\"Voir le r\u00e9cit m\u00e9dia\",\"props\":{\"grid_column_gap\":\"small\",\"grid_row_gap\":\"small\",\"margin_bottom\":\"default\",\"margin_top\":\"default\"},\"children\":[{\"type\":\"button_item\",\"props\":{\"button_style\":\"primary\",\"content\":\"VOIR LE R\u00c9CIT WMC \u2192\",\"dialog_layout\":\"modal\",\"dialog_offcanvas_flip\":true,\"icon_align\":\"left\",\"link\":\"\/index.php\/media\/#recits-evenements\"}}]}]},{\"type\":\"column\",\"props\":{\"image_position\":\"center-center\",\"position_sticky_breakpoint\":\"m\",\"width_medium\":\"1-3\"},\"children\":[{\"type\":\"panel\",\"name\":\"Poursuivre l\u2019histoire\",\"props\":{\"content\":\"Tous les rendez-vous, photos et films.\",\"content_column_breakpoint\":\"m\",\"image_align\":\"top\",\"image_grid_breakpoint\":\"m\",\"image_grid_width\":\"1-2\",\"image_svg_color\":\"emphasis\",\"link\":\"\/index.php\/evenements\/\",\"link_style\":\"default\",\"link_text\":\"TOUS LES \u00c9V\u00c9NEMENTS \u2192\",\"margin_bottom\":\"default\",\"margin_top\":\"default\",\"meta\":\"POURSUIVRE L\u2019HISTOIRE\",\"meta_align\":\"below-title\",\"meta_element\":\"div\",\"meta_style\":\"text-meta\",\"text_color\":\"light\",\"title\":\"D\u00c9COUVRE LES AUTRES \u00c9V\u00c9NEMENTS WMC\",\"title_align\":\"top\",\"title_element\":\"h3\",\"title_grid_breakpoint\":\"m\",\"title_grid_width\":\"1-2\",\"title_hover_style\":\"reset\"}},{\"type\":\"button\",\"name\":\"Photos et films\",\"props\":{\"grid_column_gap\":\"small\",\"grid_row_gap\":\"small\",\"margin_bottom\":\"default\",\"margin_top\":\"default\"},\"children\":[{\"type\":\"button_item\",\"props\":{\"button_style\":\"default\",\"content\":\"PHOTOS ET FILMS\",\"dialog_layout\":\"modal\",\"dialog_offcanvas_flip\":true,\"icon_align\":\"left\",\"link\":\"\/index.php\/media\/\"}}]}]}]}]}],\"version\":\"5.0.12\"} --><\/p>\n","protected":false},"excerpt":{"rendered":"<p>GRANDE \u00c9VASION \u00b7 SAISON 2026 GRANDE \u00c9VASION #03AUVERGNE Trois jours de route autour de Clermont-Ferrand, entre reliefs, autonomie et aventure collective. D\u00c9COUVRIR LE R\u00c9CIT \u2193 TOUS LES \u00c9V\u00c9NEMENTS GRANDE \u00c9VASION #03 AUVERGNE GRANDE \u00c9VASION \u00b7 SAISON 2026 Trois jours de route autour de Clermont-Ferrand, entre reliefs, autonomie et aventure collective. D\u00c9COUVRIR \u2192 8\u201410 MAI 2026 [&hellip;]<\/p>\n","protected":false},"author":1,"featured_media":1327,"comment_status":"closed","ping_status":"open","sticky":false,"template":"","format":"standard","meta":{"footnotes":""},"categories":[19],"tags":[],"class_list":["post-895","post","type-post","status-publish","format-standard","has-post-thumbnail","hentry","category-wmc-grande-evasion"],"_links":{"self":[{"href":"https:\/\/wmc.paris\/index.php\/wp-json\/wp\/v2\/posts\/895","targetHints":{"allow":["GET"]}}],"collection":[{"href":"https:\/\/wmc.paris\/index.php\/wp-json\/wp\/v2\/posts"}],"about":[{"href":"https:\/\/wmc.paris\/index.php\/wp-json\/wp\/v2\/types\/post"}],"author":[{"embeddable":true,"href":"https:\/\/wmc.paris\/index.php\/wp-json\/wp\/v2\/users\/1"}],"replies":[{"embeddable":true,"href":"https:\/\/wmc.paris\/index.php\/wp-json\/wp\/v2\/comments?post=895"}],"version-history":[{"count":53,"href":"https:\/\/wmc.paris\/index.php\/wp-json\/wp\/v2\/posts\/895\/revisions"}],"predecessor-version":[{"id":1843,"href":"https:\/\/wmc.paris\/index.php\/wp-json\/wp\/v2\/posts\/895\/revisions\/1843"}],"wp:featuredmedia":[{"embeddable":true,"href":"https:\/\/wmc.paris\/index.php\/wp-json\/wp\/v2\/media\/1327"}],"wp:attachment":[{"href":"https:\/\/wmc.paris\/index.php\/wp-json\/wp\/v2\/media?parent=895"}],"wp:term":[{"taxonomy":"category","embeddable":true,"href":"https:\/\/wmc.paris\/index.php\/wp-json\/wp\/v2\/categories?post=895"},{"taxonomy":"post_tag","embeddable":true,"href":"https:\/\/wmc.paris\/index.php\/wp-json\/wp\/v2\/tags?post=895"}],"curies":[{"name":"wp","href":"https:\/\/api.w.org\/{rel}","templated":true}]}}