{"id":596,"date":"2025-11-24T12:41:48","date_gmt":"2025-11-24T11:41:48","guid":{"rendered":"https:\/\/wmc.paris\/?p=596"},"modified":"2026-08-23T13:21:38","modified_gmt":"2026-08-23T11:21:38","slug":"summer-wheel-s2-2025","status":"publish","type":"post","link":"https:\/\/wmc.paris\/index.php\/2025\/11\/24\/summer-wheel-s2-2025\/","title":{"rendered":"Summer Wheel S2"},"content":{"rendered":"<div>\n<div class=\"wmc-archive-page wmc-archive-prefinale\">\n<header class=\"wmc-archive-hero\" style=\"background-image:linear-gradient(110deg,rgba(4,9,16,.91),rgba(10,28,40,.48)),url('\/wp-content\/uploads\/2026\/07\/summer-wheel-2025-514142629.webp')\">\n<div class=\"wmc-archive-hero-shade\"><\/div>\n<div class=\"wmc-archive-hero-copy\" uk-scrollspy=\"cls: uk-animation-slide-bottom; delay: 240; repeat: false;\">\n <span class=\"wmc-archive-badge\">\u00c9V\u00c9NEMENT WMC \u00b7 SAISON 2025<\/span><\/p>\n<h1>SUMMER<br \/>WHEEL 2025<\/h1>\n<p>Une journ\u00e9e compl\u00e8te entre initiation, Pique Wheel et ride estival de Vincennes au lac de Vaires-sur-Marne.<\/p>\n<p> <a class=\"wmc-archive-scroll\" href=\"#le-recit\">D\u00c9COUVRIR LE R\u00c9CIT \u2193<\/a>\n <\/div>\n<\/header>\n<\/div>\n<\/div>\n<div>\n<div class=\"wmc-archive-page wmc-archive-prefinale\" style=\"margin:0\">\n<div class=\"wmc-archive-meta\" uk-scrollspy=\"cls: uk-animation-fade; target: div; delay: 220; repeat: false;\">\n<div><span>DATE<\/span><strong>28 JUIN 2025<\/strong><\/div>\n<div><span>PARCOURS<\/span><strong>VINCENNES \u2192 VAIRES<\/strong><\/div>\n<div><span>DISTANCE<\/span><strong>ENVIRON 55 KM<\/strong><\/div>\n<div><span>PARTICIPATION<\/span><strong>30 \u00c0 40 RIDERS<\/strong><\/div>\n<\/p><\/div>\n<\/div>\n<\/div>\n<div>\n<div class=\"wmc-archive-page wmc-archive-prefinale\" style=\"margin:0\">\n<section class=\"wmc-archive-section\" id=\"le-recit\" uk-scrollspy=\"cls: uk-animation-fade; delay: 240; repeat: false;\">\n <span>UNE JOURN\u00c9E WMC<\/span><\/p>\n<h2>INITIER, PARTAGER<br \/>PUIS PRENDRE LA ROUTE<\/h2>\n<p class=\"wmc-archive-lead\">La Summer Wheel 2025 a commenc\u00e9 au lac Daumesnil par un temps d\u2019initiation et une Pique Wheel offerte par WMC. Le groupe a ensuite pris la direction du lac de Vaires-sur-Marne pour une boucle d\u2019environ 55 kilom\u00e8tres.<\/p>\n<div class=\"wmc-archive-highlights\" uk-scrollspy=\"cls: uk-animation-slide-bottom; target: article; delay: 220; repeat: false;\">\n<article><b>01<\/b><\/p>\n<h3>INITIATION<\/h3>\n<p>Un accueil consacr\u00e9 aux enfants, aux d\u00e9butants et aux personnes souhaitant d\u00e9couvrir la gyroroue.<\/p>\n<\/article>\n<article><b>02<\/b><\/p>\n<h3>PIQUE WHEEL<\/h3>\n<p>Un moment ouvert et convivial, enrichi par les sp\u00e9cialit\u00e9s partag\u00e9es par les participants.<\/p>\n<\/article>\n<article><b>03<\/b><\/p>\n<h3>RIDE ESTIVAL<\/h3>\n<p>Une sortie jusqu\u2019au lac de Vaires-sur-Marne, avec pause recharge et arriv\u00e9e au bord de l\u2019eau.<\/p>\n<\/article><\/div>\n<\/section>\n<\/div>\n<\/div>\n<div>\n<div class=\"wmc-archive-page wmc-archive-prefinale\" style=\"margin:0\">\n<section class=\"wmc-archive-chapter\" uk-scrollspy=\"cls: uk-animation-fade; delay: 240; repeat: false;\">\n<div><span>LE BILAN<\/span><\/p>\n<h2>UNE PREMI\u00c8RE PARTIE DE SAISON BIEN REMPLIE<\/h2>\n<\/div>\n<p>Entre le pique-nique, les \u00e9changes et les kilom\u00e8tres parcourus, cette sortie a conclu la premi\u00e8re partie de la saison 2025 avec un groupe soud\u00e9 et une organisation port\u00e9e par toute l\u2019\u00e9quipe WMC.<\/p>\n<\/section>\n<\/div>\n<\/div>\n<div>\n<div id=\"retour-images\" class=\"wmc-gallery-intro\">\n<div class=\"wmc-kicker\">RETOUR EN IMAGES<\/div>\n<h2 class=\"wmc-display\">LES VISAGES<br \/><em>DE LA SUMMER WHEEL<\/em><\/h2>\n<p>Une s\u00e9lection de huit images officielles de Summer Wheel S2, de la pr\u00e9paration au ride jusqu\u2019aux moments partag\u00e9s avec le crew.<\/p>\n<p class=\"wmc-meta\">Cr\u00e9dit images : Red Rider.<\/p>\n<\/div>\n<\/div>\n<ul>\n<li>\n<p>        <img decoding=\"async\" src=\"\/wp-content\/uploads\/2026\/07\/summer-wheel-2025-515025866.webp\" alt=\"Pr\u00e9paration des riders au d\u00e9part de Summer Wheel 2025\"><\/p>\n<h3>LE D\u00c9PART<\/h3>\n<\/li>\n<li>\n<p>        <img decoding=\"async\" src=\"\/wp-content\/uploads\/2026\/07\/summer-wheel-2025-515713589.webp\" alt=\"Participants de Summer Wheel 2025 r\u00e9unis sur le parcours\"><\/p>\n<h3>LE CREW<\/h3>\n<\/li>\n<li>\n<p>        <img decoding=\"async\" src=\"\/wp-content\/uploads\/2026\/07\/summer-wheel-2025-515665809.webp\" alt=\"Riders WMC pendant la sortie Summer Wheel 2025\"><\/p>\n<h3>SUR LA ROUTE<\/h3>\n<\/li>\n<li>\n<p>        <img decoding=\"async\" src=\"\/wp-content\/uploads\/2026\/07\/summer-wheel-2025-515572475.webp\" alt=\"Le groupe Summer Wheel 2025 en mouvement\"><\/p>\n<h3>EN MOUVEMENT<\/h3>\n<\/li>\n<li>\n<p>        <img decoding=\"async\" src=\"\/wp-content\/uploads\/2026\/07\/summer-wheel-2025-515570442.webp\" alt=\"Pause collective pendant Summer Wheel 2025\"><\/p>\n<h3>LA PAUSE<\/h3>\n<\/li>\n<li>\n<p>        <img decoding=\"async\" src=\"\/wp-content\/uploads\/2026\/07\/summer-wheel-2025-515558505.webp\" alt=\"Riders WMC sur la route vers Vaires-sur-Marne\"><\/p>\n<h3>VERS VAIRES<\/h3>\n<\/li>\n<li>\n<p>        <img decoding=\"async\" src=\"\/wp-content\/uploads\/2026\/07\/summer-wheel-2025-515446474.webp\" alt=\"Moment partag\u00e9 entre les participants de Summer Wheel 2025\"><\/p>\n<h3>MOMENT PARTAG\u00c9<\/h3>\n<\/li>\n<li>\n<p>        <img decoding=\"async\" src=\"\/wp-content\/uploads\/2026\/07\/summer-wheel-2025-515229217.webp\" alt=\"Photo de groupe de Summer Wheel 2025\"><\/p>\n<h3>PHOTO DE GROUPE<\/h3>\n<\/li>\n<\/ul>\n<div>\n<div class=\"wmc-archive-page wmc-archive-prefinale\" style=\"margin:0\">\n<footer class=\"wmc-archive-footer\">\n <span>POURSUIVRE L\u2019HISTOIRE<\/span><\/p>\n<h2>D\u00c9COUVRE LES AUTRES<br \/>\u00c9V\u00c9NEMENTS WMC<\/h2>\n<div class=\"wmc-archive-footer-actions\">\n <a href=\"\/index.php\/evenements\/\">TOUTES LES ARCHIVES<\/a><br \/>\n <a href=\"\/index.php\/media\/\">TOUS LES FILMS<\/a>\n <\/div>\n<\/footer>\n<\/div>\n<p><script type=\"application\/ld+json\">{\"@context\":\"https:\/\/schema.org\",\"@type\":\"Event\",\"name\":\"Summer Wheel S2\",\"description\":\"WMC rassemble les passionn\u00e9s de gyroroue autour de rides, d\u2019aventures longue distance, d\u2019initiations et de journ\u00e9es circuit.\",\"startDate\":\"2025-06-28\",\"endDate\":\"2025-06-28\",\"eventStatus\":\"https:\/\/schema.org\/EventCompleted\",\"eventAttendanceMode\":\"https:\/\/schema.org\/OfflineEventAttendanceMode\",\"location\":{\"@type\":\"Place\",\"name\":\"Vincennes et Vaires-sur-Marne\",\"address\":{\"@type\":\"PostalAddress\",\"addressLocality\":\"Vincennes\",\"addressCountry\":\"FR\"}},\"image\":[\"https:\/\/wmc.paris\/wp-content\/uploads\/2026\/07\/summer-wheel-2025-514142629.webp\"],\"url\":\"https:\/\/wmc.paris\/index.php\/2025\/11\/24\/summer-wheel-s2-2025\/\",\"organizer\":{\"@type\":\"Organization\",\"name\":\"WMC \u2014 Wheelers Master Crew\",\"url\":\"https:\/\/wmc.paris\/\"}}<\/script><\/div>\n<p><!--more--><br \/>\n<!-- {\"type\":\"layout\",\"children\":[{\"type\":\"section\",\"props\":{\"class\":\"wmc-archive-shell\",\"id\":\"wmc-summer-wheel-2025-content\",\"image_position\":\"center-center\",\"padding_bottom\":\"none\",\"padding_top\":\"none\",\"style\":\"default\",\"title_breakpoint\":\"xl\",\"title_position\":\"top-left\",\"title_rotation\":\"left\",\"vertical_align\":\"middle\",\"width\":\"expand\"},\"children\":[{\"type\":\"row\",\"props\":{\"column_gap\":\"none\",\"layout\":\"1-1\"},\"children\":[{\"type\":\"column\",\"props\":{\"image_position\":\"center-center\",\"position_sticky_breakpoint\":\"m\",\"width_medium\":\"1-1\"},\"children\":[{\"type\":\"text\",\"props\":{\"column_breakpoint\":\"m\",\"content\":\"\n\n<div class=\\\"wmc-archive-page wmc-archive-prefinale\\\">\n\n<header class=\\\"wmc-archive-hero\\\" style=\\\"background-image:linear-gradient(110deg,rgba(4,9,16,.91),rgba(10,28,40,.48)),url('\/wp-content\/uploads\/2026\/07\/summer-wheel-2025-514142629.webp')\\\">\\n \\n \n\n<div class=\\\"wmc-archive-hero-shade\\\"><\/div>\n\n\\n \n\n<div class=\\\"wmc-archive-hero-copy\\\" uk-scrollspy=\\\"cls: uk-animation-slide-bottom; delay: 240; repeat: false;\\\">\\n <span class=\\\"wmc-archive-badge\\\">\u00c9V\u00c9NEMENT WMC \u00b7 SAISON 2025<\/span>\\n \n\n<h1>SUMMER<br \/>WHEEL 2025<\/h1>\n\n\\n \n\n<p>Une journ\u00e9e compl\u00e8te entre initiation, Pique Wheel et ride estival de Vincennes au lac de Vaires-sur-Marne.<\/p>\n\n\\n <a class=\\\"wmc-archive-scroll\\\" href=\\\"#le-recit\\\">D\u00c9COUVRIR LE R\u00c9CIT \u2193<\/a>\\n <\/div>\n\n\\n <\/header>\n\n<\/div>\n\n\",\"margin_bottom\":\"remove\",\"margin_top\":\"remove\"}}]}]}]},{\"type\":\"section\",\"props\":{\"class\":\"wmc-archive-shell\",\"id\":\"wmc-summer-wheel-2025-content\",\"image_position\":\"center-center\",\"padding_bottom\":\"none\",\"padding_top\":\"none\",\"style\":\"default\",\"title_breakpoint\":\"xl\",\"title_position\":\"top-left\",\"title_rotation\":\"left\",\"vertical_align\":\"middle\",\"width\":\"expand\"},\"children\":[{\"type\":\"row\",\"props\":{\"column_gap\":\"none\",\"layout\":\"1-1\"},\"children\":[{\"type\":\"column\",\"props\":{\"image_position\":\"center-center\",\"position_sticky_breakpoint\":\"m\",\"width_medium\":\"1-1\"},\"children\":[{\"type\":\"text\",\"props\":{\"column_breakpoint\":\"m\",\"content\":\"\n\n<div class=\\\"wmc-archive-page wmc-archive-prefinale\\\" style=\\\"margin:0\\\">\\n\n\n<div class=\\\"wmc-archive-meta\\\" uk-scrollspy=\\\"cls: uk-animation-fade; target: div; delay: 220; repeat: false;\\\">\\n \n\n<div><span>DATE<\/span><strong>28 JUIN 2025<\/strong><\/div>\n\n\n\n<div><span>PARCOURS<\/span><strong>VINCENNES \u2192 VAIRES<\/strong><\/div>\n\n\n\n<div><span>DISTANCE<\/span><strong>ENVIRON 55 KM<\/strong><\/div>\n\n\n\n<div><span>PARTICIPATION<\/span><strong>30 \u00c0 40 RIDERS<\/strong><\/div>\n\n\\n <\/div>\n\n\\n<\/div>\n\n\",\"margin_bottom\":\"remove\",\"margin_top\":\"remove\"}}]}]}]},{\"type\":\"section\",\"props\":{\"class\":\"wmc-archive-shell\",\"id\":\"wmc-summer-wheel-2025-content\",\"image_position\":\"center-center\",\"padding_bottom\":\"none\",\"padding_top\":\"none\",\"style\":\"default\",\"title_breakpoint\":\"xl\",\"title_position\":\"top-left\",\"title_rotation\":\"left\",\"vertical_align\":\"middle\",\"width\":\"expand\"},\"children\":[{\"type\":\"row\",\"props\":{\"column_gap\":\"none\",\"layout\":\"1-1\"},\"children\":[{\"type\":\"column\",\"props\":{\"image_position\":\"center-center\",\"position_sticky_breakpoint\":\"m\",\"width_medium\":\"1-1\"},\"children\":[{\"type\":\"text\",\"props\":{\"column_breakpoint\":\"m\",\"content\":\"\n\n<div class=\\\"wmc-archive-page wmc-archive-prefinale\\\" style=\\\"margin:0\\\">\\n\n\n<section class=\\\"wmc-archive-section\\\" id=\\\"le-recit\\\" uk-scrollspy=\\\"cls: uk-animation-fade; delay: 240; repeat: false;\\\">\\n <span>UNE JOURN\u00c9E WMC<\/span>\\n \n\n<h2>INITIER, PARTAGER<br \/>PUIS PRENDRE LA ROUTE<\/h2>\n\n\\n \n\n<p class=\\\"wmc-archive-lead\\\">La Summer Wheel 2025 a commenc\u00e9 au lac Daumesnil par un temps d\u2019initiation et une Pique Wheel offerte par WMC. Le groupe a ensuite pris la direction du lac de Vaires-sur-Marne pour une boucle d\u2019environ 55 kilom\u00e8tres.<\/p>\n\n\\n \n\n<div class=\\\"wmc-archive-highlights\\\" uk-scrollspy=\\\"cls: uk-animation-slide-bottom; target: article; delay: 220; repeat: false;\\\">\\n \n\n<article><b>01<\/b>\n\n<h3>INITIATION<\/h3>\n\n\n\n<p>Un accueil consacr\u00e9 aux enfants, aux d\u00e9butants et aux personnes souhaitant d\u00e9couvrir la gyroroue.<\/p>\n\n<\/article>\n\n\n\n<article><b>02<\/b>\n\n<h3>PIQUE WHEEL<\/h3>\n\n\n\n<p>Un moment ouvert et convivial, enrichi par les sp\u00e9cialit\u00e9s partag\u00e9es par les participants.<\/p>\n\n<\/article>\n\n\n\n<article><b>03<\/b>\n\n<h3>RIDE ESTIVAL<\/h3>\n\n\n\n<p>Une sortie jusqu\u2019au lac de Vaires-sur-Marne, avec pause recharge et arriv\u00e9e au bord de l\u2019eau.<\/p>\n\n<\/article>\n\n\\n <\/div>\n\n\\n <\/section>\n\n\\n<\/div>\n\n\",\"margin_bottom\":\"remove\",\"margin_top\":\"remove\"}}]}]}]},{\"type\":\"section\",\"props\":{\"class\":\"wmc-archive-shell\",\"id\":\"wmc-summer-wheel-2025-content\",\"image_position\":\"center-center\",\"padding_bottom\":\"none\",\"padding_top\":\"none\",\"style\":\"default\",\"title_breakpoint\":\"xl\",\"title_position\":\"top-left\",\"title_rotation\":\"left\",\"vertical_align\":\"middle\",\"width\":\"expand\"},\"children\":[{\"type\":\"row\",\"props\":{\"column_gap\":\"none\",\"layout\":\"1-1\"},\"children\":[{\"type\":\"column\",\"props\":{\"image_position\":\"center-center\",\"position_sticky_breakpoint\":\"m\",\"width_medium\":\"1-1\"},\"children\":[{\"type\":\"text\",\"props\":{\"column_breakpoint\":\"m\",\"content\":\"\n\n<div class=\\\"wmc-archive-page wmc-archive-prefinale\\\" style=\\\"margin:0\\\">\\n\n\n<section class=\\\"wmc-archive-chapter\\\" uk-scrollspy=\\\"cls: uk-animation-fade; delay: 240; repeat: false;\\\">\\n \n\n<div><span>LE BILAN<\/span>\n\n<h2>UNE PREMI\u00c8RE PARTIE DE SAISON BIEN REMPLIE<\/h2>\n\n<\/div>\n\n\\n \n\n<p>Entre le pique-nique, les \u00e9changes et les kilom\u00e8tres parcourus, cette sortie a conclu la premi\u00e8re partie de la saison 2025 avec un groupe soud\u00e9 et une organisation port\u00e9e par toute l\u2019\u00e9quipe WMC.<\/p>\n\n\\n <\/section>\n\n\\n<\/div>\n\n\",\"margin_bottom\":\"remove\",\"margin_top\":\"remove\"}}]}]}]},{\"type\":\"section\",\"props\":{\"class\":\"wmc-archive-shell\",\"id\":\"wmc-summer-wheel-2025-content\",\"image_position\":\"center-center\",\"padding_bottom\":\"none\",\"padding_top\":\"none\",\"style\":\"default\",\"title_breakpoint\":\"xl\",\"title_position\":\"top-left\",\"title_rotation\":\"left\",\"vertical_align\":\"middle\",\"width\":\"expand\"},\"children\":[{\"type\":\"row\",\"props\":{\"column_gap\":\"none\",\"layout\":\"1-1\"},\"children\":[{\"type\":\"column\",\"props\":{\"image_position\":\"center-center\",\"position_sticky_breakpoint\":\"m\",\"width_medium\":\"1-1\"},\"children\":[{\"type\":\"text\",\"props\":{\"column_breakpoint\":\"m\",\"content\":\"\n\n<div id=\\\"retour-images\\\" class=\\\"wmc-gallery-intro\\\">\\n \n\n<div class=\\\"wmc-kicker\\\">RETOUR EN IMAGES<\/div>\n\n\\n \n\n<h2 class=\\\"wmc-display\\\">LES VISAGES<br \/><em>DE LA SUMMER WHEEL<\/em><\/h2>\n\n\\n \n\n<p>Une s\u00e9lection de huit images officielles de Summer Wheel S2, de la pr\u00e9paration au ride jusqu\u2019aux moments partag\u00e9s avec le crew.<\/p>\n\n\\n \n\n<p class=\\\"wmc-meta\\\">Cr\u00e9dit images : Red Rider.<\/p>\n\n\\n<\/div>\n\n\",\"margin_bottom\":\"remove\",\"margin_top\":\"remove\"}},{\"type\":\"slideshow\",\"props\":{\"link_style\":\"default\",\"link_text\":\"Read more\",\"margin_bottom\":\"default\",\"margin_top\":\"default\",\"meta_align\":\"below-title\",\"meta_element\":\"div\",\"meta_style\":\"text-meta\",\"nav\":\"thumbnav\",\"nav_align\":\"center\",\"nav_breakpoint\":\"s\",\"nav_position\":\"top-right\",\"nav_position_margin\":\"medium\",\"overlay_animation\":\"parallax\",\"overlay_position\":\"center-left\",\"show_content\":false,\"show_link\":false,\"show_meta\":false,\"show_thumbnail\":true,\"show_title\":false,\"slidenav\":\"default\",\"slidenav_breakpoint\":\"s\",\"slidenav_margin\":\"medium\",\"slidenav_outside_breakpoint\":\"xl\",\"slideshow_autoplay_pause\":true,\"slideshow_min_height\":300,\"thumbnav_height\":\"75\",\"thumbnav_svg_color\":\"emphasis\",\"thumbnav_width\":\"100\",\"title_element\":\"h3\",\"title_hover_style\":\"reset\"},\"children\":[{\"type\":\"slideshow_item\",\"props\":{\"image\":\"wp-content\/uploads\/2026\/07\/summer-wheel-2025-515025866.webp\",\"image_alt\":\"Pr\u00e9paration des riders au d\u00e9part de Summer Wheel 2025\",\"title\":\"LE D\u00c9PART\"}},{\"type\":\"slideshow_item\",\"props\":{\"image\":\"wp-content\/uploads\/2026\/07\/summer-wheel-2025-515713589.webp\",\"image_alt\":\"Participants de Summer Wheel 2025 r\u00e9unis sur le parcours\",\"title\":\"LE CREW\"}},{\"type\":\"slideshow_item\",\"props\":{\"image\":\"wp-content\/uploads\/2026\/07\/summer-wheel-2025-515665809.webp\",\"image_alt\":\"Riders WMC pendant la sortie Summer Wheel 2025\",\"title\":\"SUR LA ROUTE\"}},{\"type\":\"slideshow_item\",\"props\":{\"image\":\"wp-content\/uploads\/2026\/07\/summer-wheel-2025-515572475.webp\",\"image_alt\":\"Le groupe Summer Wheel 2025 en mouvement\",\"title\":\"EN MOUVEMENT\"}},{\"type\":\"slideshow_item\",\"props\":{\"image\":\"wp-content\/uploads\/2026\/07\/summer-wheel-2025-515570442.webp\",\"image_alt\":\"Pause collective pendant Summer Wheel 2025\",\"title\":\"LA PAUSE\"}},{\"type\":\"slideshow_item\",\"props\":{\"image\":\"wp-content\/uploads\/2026\/07\/summer-wheel-2025-515558505.webp\",\"image_alt\":\"Riders WMC sur la route vers Vaires-sur-Marne\",\"title\":\"VERS VAIRES\"}},{\"type\":\"slideshow_item\",\"props\":{\"image\":\"wp-content\/uploads\/2026\/07\/summer-wheel-2025-515446474.webp\",\"image_alt\":\"Moment partag\u00e9 entre les participants de Summer Wheel 2025\",\"title\":\"MOMENT PARTAG\u00c9\"}},{\"type\":\"slideshow_item\",\"props\":{\"image\":\"wp-content\/uploads\/2026\/07\/summer-wheel-2025-515229217.webp\",\"image_alt\":\"Photo de groupe de Summer Wheel 2025\",\"title\":\"PHOTO DE GROUPE\"}}]}]}]}]},{\"type\":\"section\",\"props\":{\"class\":\"wmc-archive-shell\",\"id\":\"wmc-summer-wheel-2025-content\",\"image_position\":\"center-center\",\"padding_bottom\":\"none\",\"padding_top\":\"none\",\"style\":\"default\",\"title_breakpoint\":\"xl\",\"title_position\":\"top-left\",\"title_rotation\":\"left\",\"vertical_align\":\"middle\",\"width\":\"expand\"},\"children\":[{\"type\":\"row\",\"props\":{\"column_gap\":\"none\",\"layout\":\"1-1\"},\"children\":[{\"type\":\"column\",\"props\":{\"image_position\":\"center-center\",\"position_sticky_breakpoint\":\"m\",\"width_medium\":\"1-1\"},\"children\":[{\"type\":\"text\",\"props\":{\"column_breakpoint\":\"m\",\"content\":\"\n\n<div class=\\\"wmc-archive-page wmc-archive-prefinale\\\" style=\\\"margin:0\\\">\\n\n\n<footer class=\\\"wmc-archive-footer\\\">\\n <span>POURSUIVRE L\u2019HISTOIRE<\/span>\\n \n\n<h2>D\u00c9COUVRE LES AUTRES<br \/>\u00c9V\u00c9NEMENTS WMC<\/h2>\n\n\\n \n\n<div class=\\\"wmc-archive-footer-actions\\\">\\n <a href=\\\"\/index.php\/evenements\/\\\">TOUTES LES ARCHIVES<\/a>\\n <a href=\\\"\/index.php\/media\/\\\">TOUS LES FILMS<\/a>\\n <\/div>\n\n\\n <\/footer>\n\n\\n<\/div>\n\n\\n<script type=\\\"application\/ld+json\\\">{\\\"@context\\\":\\\"https:\/\/schema.org\\\",\\\"@type\\\":\\\"Event\\\",\\\"name\\\":\\\"Summer Wheel S2\\\",\\\"description\\\":\\\"WMC rassemble les passionn\u00e9s de gyroroue autour de rides, d\u2019aventures longue distance, d\u2019initiations et de journ\u00e9es circuit.\\\",\\\"startDate\\\":\\\"2025-06-28\\\",\\\"endDate\\\":\\\"2025-06-28\\\",\\\"eventStatus\\\":\\\"https:\/\/schema.org\/EventCompleted\\\",\\\"eventAttendanceMode\\\":\\\"https:\/\/schema.org\/OfflineEventAttendanceMode\\\",\\\"location\\\":{\\\"@type\\\":\\\"Place\\\",\\\"name\\\":\\\"Vincennes et Vaires-sur-Marne\\\",\\\"address\\\":{\\\"@type\\\":\\\"PostalAddress\\\",\\\"addressLocality\\\":\\\"Vincennes\\\",\\\"addressCountry\\\":\\\"FR\\\"}},\\\"image\\\":[\\\"https:\/\/wmc.paris\/wp-content\/uploads\/2026\/07\/summer-wheel-2025-514142629.webp\\\"],\\\"url\\\":\\\"https:\/\/wmc.paris\/index.php\/2025\/11\/24\/summer-wheel-s2-2025\/\\\",\\\"organizer\\\":{\\\"@type\\\":\\\"Organization\\\",\\\"name\\\":\\\"WMC \u2014 Wheelers Master Crew\\\",\\\"url\\\":\\\"https:\/\/wmc.paris\/\\\"}}<\/script>\",\"margin_bottom\":\"remove\",\"margin_top\":\"remove\"}}]}]}]}],\"version\":\"5.0.12\"} --><\/p>\n","protected":false},"excerpt":{"rendered":"<p>\u00c9V\u00c9NEMENT WMC \u00b7 SAISON 2025 SUMMERWHEEL 2025 Une journ\u00e9e compl\u00e8te entre initiation, Pique Wheel et ride estival de Vincennes au lac de Vaires-sur-Marne. D\u00c9COUVRIR LE R\u00c9CIT \u2193 DATE28 JUIN 2025 PARCOURSVINCENNES \u2192 VAIRES DISTANCEENVIRON 55 KM PARTICIPATION30 \u00c0 40 RIDERS UNE JOURN\u00c9E WMC INITIER, PARTAGERPUIS PRENDRE LA ROUTE La Summer Wheel 2025 a commenc\u00e9 au [&hellip;]<\/p>\n","protected":false},"author":1,"featured_media":1198,"comment_status":"closed","ping_status":"open","sticky":false,"template":"","format":"standard","meta":{"footnotes":""},"categories":[18],"tags":[],"class_list":["post-596","post","type-post","status-publish","format-standard","has-post-thumbnail","hentry","category-les-evenements-wmc"],"_links":{"self":[{"href":"https:\/\/wmc.paris\/index.php\/wp-json\/wp\/v2\/posts\/596","targetHints":{"allow":["GET"]}}],"collection":[{"href":"https:\/\/wmc.paris\/index.php\/wp-json\/wp\/v2\/posts"}],"about":[{"href":"https:\/\/wmc.paris\/index.php\/wp-json\/wp\/v2\/types\/post"}],"author":[{"embeddable":true,"href":"https:\/\/wmc.paris\/index.php\/wp-json\/wp\/v2\/users\/1"}],"replies":[{"embeddable":true,"href":"https:\/\/wmc.paris\/index.php\/wp-json\/wp\/v2\/comments?post=596"}],"version-history":[{"count":21,"href":"https:\/\/wmc.paris\/index.php\/wp-json\/wp\/v2\/posts\/596\/revisions"}],"predecessor-version":[{"id":1780,"href":"https:\/\/wmc.paris\/index.php\/wp-json\/wp\/v2\/posts\/596\/revisions\/1780"}],"wp:featuredmedia":[{"embeddable":true,"href":"https:\/\/wmc.paris\/index.php\/wp-json\/wp\/v2\/media\/1198"}],"wp:attachment":[{"href":"https:\/\/wmc.paris\/index.php\/wp-json\/wp\/v2\/media?parent=596"}],"wp:term":[{"taxonomy":"category","embeddable":true,"href":"https:\/\/wmc.paris\/index.php\/wp-json\/wp\/v2\/categories?post=596"},{"taxonomy":"post_tag","embeddable":true,"href":"https:\/\/wmc.paris\/index.php\/wp-json\/wp\/v2\/tags?post=596"}],"curies":[{"name":"wp","href":"https:\/\/api.w.org\/{rel}","templated":true}]}}