{"id":584,"date":"2025-11-24T12:03:12","date_gmt":"2025-11-24T11:03:12","guid":{"rendered":"https:\/\/wmc.paris\/?p=584"},"modified":"2026-08-23T13:26:57","modified_gmt":"2026-08-23T11:26:57","slug":"paques-wheel-s2-2025","status":"publish","type":"post","link":"https:\/\/wmc.paris\/index.php\/2025\/11\/24\/paques-wheel-s2-2025\/","title":{"rendered":"P\u00e2ques Wheel S2 \u2014 2025"},"content":{"rendered":"<div>\n<div class=\"wmc-archive-page wmc-archive-prefinale\">\n<header class=\"wmc-archive-hero\" style=\"background-image:linear-gradient(110deg,rgba(4,9,16,.91),rgba(10,28,40,.48)),url('\/wp-content\/uploads\/2026\/07\/paques-wheel-2025-groupe.webp')\">\n<div class=\"wmc-archive-hero-shade\"><\/div>\n<div class=\"wmc-archive-hero-copy\" uk-scrollspy=\"cls: uk-animation-slide-bottom; delay: 240; repeat: false;\">\n      <span class=\"wmc-archive-badge\">\u00c9V\u00c9NEMENT WMC \u00b7 SAISON 2025<\/span><\/p>\n<h1>P\u00c2QUES<br \/>WHEEL 2025<\/h1>\n<p>Le grand retour printanier de WMC : pr\u00e8s de 60 riders r\u00e9unis pour une soir\u00e9e color\u00e9e et conviviale dans Paris.<\/p>\n<p>      <a class=\"wmc-archive-scroll\" href=\"#le-recit\">D\u00c9COUVRIR LE R\u00c9CIT \u2193<\/a>\n    <\/div>\n<\/header>\n<\/div>\n<\/div>\n<div>\n<div class=\"wmc-archive-page wmc-archive-prefinale\" style=\"margin:0\">\n<div class=\"wmc-archive-meta\" uk-scrollspy=\"cls: uk-animation-fade; target: div; delay: 220; repeat: false;\">\n<div><span>DATE<\/span><strong>17 AVRIL 2025<\/strong><\/div>\n<div><span>D\u00c9PART<\/span><strong>BNF \u00b7 PARIS 13<\/strong><\/div>\n<div><span>DISTANCE<\/span><strong>ENVIRON 20 KM<\/strong><\/div>\n<div><span>PARTICIPATION<\/span><strong>PR\u00c8S DE 60 RIDERS<\/strong><\/div>\n<\/p><\/div>\n<\/div>\n<\/div>\n<div>\n<div class=\"wmc-archive-page wmc-archive-prefinale\" style=\"margin:0\">\n<section class=\"wmc-archive-section\" id=\"le-recit\" uk-scrollspy=\"cls: uk-animation-fade; delay: 240; repeat: false;\">\n    <span>LE RETOUR DE LA SAISON<\/span><\/p>\n<h2>PARIS AUX COULEURS<br \/>DU PRINTEMPS<\/h2>\n<p class=\"wmc-archive-lead\">La P\u00e2ques Wheel 2025 a lanc\u00e9 la nouvelle saison parisienne de WMC. Le groupe a parcouru une boucle nocturne d\u2019environ 20 kilom\u00e8tres, dans une ambiance accessible, festive et encadr\u00e9e.<\/p>\n<div class=\"wmc-archive-highlights\" uk-scrollspy=\"cls: uk-animation-slide-bottom; target: article; delay: 220; repeat: false;\">\n<article><b>01<\/b><\/p>\n<h3>PR\u00c8S DE 60 RIDERS<\/h3>\n<p>Une forte participation qui confirme la place de ce rendez-vous dans le calendrier WMC.<\/p>\n<\/article>\n<article><b>02<\/b><\/p>\n<h3>UNE SOIR\u00c9E COLOR\u00c9E<\/h3>\n<p>Tenues printani\u00e8res, \u00e9nergie collective et surprises ont accompagn\u00e9 le groupe dans Paris.<\/p>\n<\/article>\n<article><b>03<\/b><\/p>\n<h3>UN RIDE ENCADR\u00c9<\/h3>\n<p>L\u2019\u00e9quipe WMC a assur\u00e9 l\u2019organisation, le guidage et la s\u00e9curit\u00e9 tout au long du parcours.<\/p>\n<\/article><\/div>\n<\/section>\n<\/div>\n<\/div>\n<div>\n<div class=\"wmc-archive-page wmc-archive-prefinale\" style=\"margin:0\">\n<section class=\"wmc-archive-chapter\" uk-scrollspy=\"cls: uk-animation-fade; delay: 240; repeat: false;\">\n<div><span>LE RETOUR<\/span><\/p>\n<h2>UNE COMMUNAUT\u00c9 QUI GRANDIT<\/h2>\n<\/div>\n<p>Un an apr\u00e8s la premi\u00e8re \u00e9dition, la P\u00e2ques Wheel change d\u2019\u00e9chelle. La fr\u00e9quentation progresse, mais l\u2019attention port\u00e9e \u00e0 l\u2019accueil, \u00e0 la s\u00e9curit\u00e9 et au rythme du groupe reste la m\u00eame.<\/p>\n<\/section>\n<\/div>\n<\/div>\n<div>\n<div class=\"wmc-archive-page wmc-archive-prefinale\" style=\"margin:0\">\n<section class=\"wmc-archive-section wmc-archive-section-media\" uk-scrollspy=\"cls: uk-animation-slide-left; delay: 220; repeat: false;\">\n    <span>RETOUR EN IMAGES<\/span><\/p>\n<h2>UNE COMMUNAUT\u00c9<br \/>R\u00c9UNIE \u00c0 PARIS<\/h2>\n<div class=\"wmc-archive-slideshow uk-position-relative uk-visible-toggle\" tabindex=\"-1\"\n      uk-slideshow=\"animation: pull; autoplay: true; pause-on-hover: true; autoplay-interval: 4800; ratio: 16:9\"><\/p>\n<ul class=\"uk-slideshow-items\">\n<li><img decoding=\"async\" src=\"\/wp-content\/uploads\/2026\/07\/paques-wheel-2025-tour-eiffel.webp\" alt=\"P\u00e2ques Wheel WMC 2025 devant la tour Eiffel\" loading=\"eager\" uk-cover>\n<div class=\"wmc-slide-counter\">01 \/ 02<\/div>\n<\/li>\n<li><img decoding=\"async\" src=\"\/wp-content\/uploads\/2026\/07\/paques-wheel-2025-groupe.webp\" alt=\"Participants de la P\u00e2ques Wheel WMC 2025\" loading=\"eager\" uk-cover>\n<div class=\"wmc-slide-counter\">02 \/ 02<\/div>\n<\/li>\n<\/ul>\n<p>      <a class=\"uk-position-center-left uk-position-small uk-hidden-hover\" href uk-slidenav-previous uk-slideshow-item=\"previous\" aria-label=\"Image pr\u00e9c\u00e9dente\"><\/a><br \/>\n      <a class=\"uk-position-center-right uk-position-small uk-hidden-hover\" href uk-slidenav-next uk-slideshow-item=\"next\" aria-label=\"Image suivante\"><\/a><\/p>\n<ul class=\"uk-slideshow-nav uk-dotnav uk-flex-center uk-margin\"><\/ul>\n<p>      <span class=\"wmc-slideshow-label\">\u00c9V\u00c9NEMENT WMC \u00b7 SAISON 2025<\/span>\n    <\/div>\n<div class=\"wmc-archive-video-link\">\n<div><span>CONTENUS OFFICIELS<\/span><strong>WMC \u00b7 SAISON 2025<\/strong><\/div>\n<p><a href=\"https:\/\/www.instagram.com\/wmc.paris\/\" target=\"_blank\" rel=\"noopener\">VOIR SUR INSTAGRAM \u2192<\/a><\/div>\n<\/section>\n<\/div>\n<\/div>\n<div>\n<div id=\"retour-images\" class=\"uk-container wmc-gallery-intro\">\n<div class=\"wmc-kicker\">RETOUR EN IMAGES<\/div>\n<h2 class=\"wmc-display\">P\u00c2QUES WHEEL S2<br \/><em>EN CINQ TEMPS FORTS<\/em><\/h2>\n<p>De l\u2019annonce au bilan, retrouve cinq images qui racontent le retour printanier du crew dans Paris.<\/p>\n<\/div>\n<\/div>\n<ul>\n<li>\n<p>        <img decoding=\"async\" src=\"\/wp-content\/uploads\/2026\/07\/paques-wheel-2025-groupe.webp\" alt=\"Groupe des participants de P\u00e2ques Wheel 2025 \u00e0 Paris\"><\/p>\n<h3>LE GROUPE<\/h3>\n<\/li>\n<li>\n<p>        <img decoding=\"async\" src=\"\/wp-content\/uploads\/2026\/07\/paques-wheel-2025-tour-eiffel.webp\" alt=\"Riders de P\u00e2ques Wheel 2025 devant la tour Eiffel\"><\/p>\n<h3>PARIS EN LUMI\u00c8RE<\/h3>\n<\/li>\n<li>\n<p>        <img decoding=\"async\" src=\"\/wp-content\/uploads\/2026\/07\/paques-wheel-2024-groupe.webp\" alt=\"P\u00e2ques Wheel \u2014 photo de groupe 2024\"><\/p>\n<h3>486024906_969016012083331_2417035279135289156_n<\/h3>\n<\/li>\n<li>\n<p>        <img decoding=\"async\" src=\"\/wp-content\/uploads\/2026\/07\/paques-wheel-2024-affiche.webp\" alt=\"P\u00e2ques Wheel \u2014 affiche 2024\"><\/p>\n<h3>491710744_977460917874305_5971708449388557262_n<\/h3>\n<\/li>\n<li>\n<p>        <img decoding=\"async\" src=\"\/wp-content\/uploads\/2026\/07\/paques-wheel-2025-groupe.webp\" alt=\"P\u00e2ques Wheel 2025 \u2014 participants\"><\/p>\n<h3>491417927_982954600675071_87364204142776687_n<\/h3>\n<\/li>\n<\/ul>\n<div>\n<style>\n.wmc-event-timeline{--red:#e93138;--ink:#101010;--soft:#f3f0eb;max-width:1180px;margin:70px auto 100px;padding:54px;background:var(--soft);color:var(--ink)}\n.wmc-event-timeline *{box-sizing:border-box}.wmc-event-timeline header{display:grid;grid-template-columns:1.2fr .8fr;gap:40px;align-items:end;margin-bottom:34px}.wmc-event-timeline .wmc-et-kicker{display:block;color:var(--red);font-size:12px;font-weight:900;letter-spacing:.15em;text-transform:uppercase;margin-bottom:12px}.wmc-event-timeline h2{font-size:clamp(34px,5vw,62px);line-height:.92;letter-spacing:-.045em;text-transform:uppercase;margin:0}.wmc-event-timeline header p{font-size:16px;line-height:1.55;color:#555;margin:0}.wmc-et-gallery{display:grid;grid-template-columns:repeat(3,1fr);gap:10px;margin-bottom:34px}.wmc-et-gallery img{width:100%;height:220px;object-fit:cover;background:#171717}.wmc-et-steps{list-style:none;margin:0;padding:0;border-top:1px solid #d6d0c8}.wmc-et-steps li{display:grid;grid-template-columns:110px 1fr;gap:24px;padding:22px 0;border-bottom:1px solid #d6d0c8}.wmc-et-steps time{font-weight:900;color:var(--red);font-size:12px;letter-spacing:.08em;text-transform:uppercase}.wmc-et-steps strong{display:block;font-size:18px;text-transform:uppercase;margin-bottom:7px}.wmc-et-steps p{margin:0;color:#444;line-height:1.6;font-size:15px}.wmc-et-footer{display:flex;justify-content:space-between;gap:24px;align-items:center;margin-top:28px}.wmc-et-credit{color:#777;font-size:12px}.wmc-et-all{background:var(--ink);color:#fff!important;text-decoration:none!important;padding:13px 17px;font-size:11px;font-weight:900;letter-spacing:.08em;text-transform:uppercase}.wmc-et-all:hover{background:var(--red)}\n@media(max-width:639px){.wmc-event-timeline{margin:40px 18px 70px;padding:28px 22px}.wmc-event-timeline header{grid-template-columns:1fr;gap:18px}.wmc-et-gallery{grid-template-columns:1fr}.wmc-et-gallery img{height:auto}.wmc-et-steps li{grid-template-columns:1fr;gap:8px}.wmc-et-footer{align-items:flex-start;flex-direction:column}}\n<\/style>\n<section class=\"wmc-event-timeline\" aria-labelledby=\"paques-timeline-title\">\n<header>\n<div><span class=\"wmc-et-kicker\">Chronologie de l\u2019\u00e9v\u00e9nement<\/span><\/p>\n<h2 id=\"paques-timeline-title\">Du retour de saison au bilan.<\/h2>\n<\/div>\n<p>Quatre \u00e9tapes racontent la P\u00e2ques Wheel S2 : l\u2019annonce, le rappel final, le ride et le retour de la communaut\u00e9.<\/p>\n<\/header>\n<div class=\"wmc-et-gallery\"><img decoding=\"async\" src=\"\/wp-content\/uploads\/2026\/07\/paques-wheel-2024-groupe.webp\" alt=\"P\u00e2ques Wheel \u2014 photo de groupe\"><img decoding=\"async\" src=\"\/wp-content\/uploads\/2026\/07\/paques-wheel-2024-affiche.webp\" alt=\"P\u00e2ques Wheel \u2014 affiche de l\u2019\u00e9v\u00e9nement\"><img decoding=\"async\" src=\"\/wp-content\/uploads\/2026\/07\/paques-wheel-2025-groupe.webp\" alt=\"P\u00e2ques Wheel 2025 \u2014 participants\"><\/div>\n<ul class=\"wmc-et-steps\">\n<li><time>23 mars<\/time>\n<div><strong>La saison red\u00e9marre<\/strong><\/p>\n<p>WMC annonce un ride nocturne au d\u00e9part de la BNF, avec chasse aux \u0153ufs, d\u00e9fis, cadeaux et une boucle annonc\u00e9e entre 20 et 30 km.<\/p>\n<\/div>\n<\/li>\n<li><time>15 avril<\/time>\n<div><strong>J-2 : les informations finales<\/strong><\/p>\n<p>Rendez-vous \u00e0 19 h, d\u00e9part group\u00e9 \u00e0 19 h 30 et parcours d\u2019environ 20 km. Le message rappelle le r\u00f4le des d\u00e9guisements, de l\u2019\u00e9nergie du groupe et de la ponctualit\u00e9.<\/p>\n<\/div>\n<\/li>\n<li><time>17 avril<\/time>\n<div><strong>Le jour J<\/strong><\/p>\n<p>Pr\u00e8s de 60 riders parcourent Paris dans une ambiance printani\u00e8re, fluide et encadr\u00e9e.<\/p>\n<\/div>\n<\/li>\n<li><time>18 avril<\/time>\n<div><strong>Le bilan<\/strong><\/p>\n<p>WMC remercie les participants et les membres charg\u00e9s de l\u2019organisation, du guidage et de la s\u00e9curit\u00e9. Le film est annonc\u00e9 dans la continuit\u00e9 de l\u2019\u00e9v\u00e9nement.<\/p>\n<\/div>\n<\/li>\n<\/ul>\n<footer class=\"wmc-et-footer\">\n<div class=\"wmc-et-credit\">Illustrations et contenus : Stewer West \u00b7 Team WMC<\/div>\n<p><a class=\"wmc-et-all\" href=\"\/index.php\/media\/#recits-evenements\">Films et photos de l\u2019\u00e9v\u00e9nement \u2192<\/a><\/footer>\n<\/section>\n<\/div>\n<p><!--more--><br \/>\n<!-- {\"type\":\"layout\",\"children\":[{\"type\":\"section\",\"props\":{\"class\":\"wmc-archive-shell\",\"id\":\"wmc-paques-wheel-2025-content\",\"image_position\":\"center-center\",\"padding_bottom\":\"none\",\"padding_top\":\"none\",\"style\":\"default\",\"title_breakpoint\":\"xl\",\"title_position\":\"top-left\",\"title_rotation\":\"left\",\"vertical_align\":\"middle\",\"width\":\"expand\"},\"children\":[{\"type\":\"row\",\"props\":{\"column_gap\":\"none\",\"layout\":\"1-1\"},\"children\":[{\"type\":\"column\",\"props\":{\"image_position\":\"center-center\",\"position_sticky_breakpoint\":\"m\",\"width_medium\":\"1-1\"},\"children\":[{\"type\":\"text\",\"props\":{\"column_breakpoint\":\"m\",\"content\":\"\n\n<div class=\\\"wmc-archive-page wmc-archive-prefinale\\\">\n\n<header class=\\\"wmc-archive-hero\\\" style=\\\"background-image:linear-gradient(110deg,rgba(4,9,16,.91),rgba(10,28,40,.48)),url('\/wp-content\/uploads\/2026\/07\/paques-wheel-2025-groupe.webp')\\\">\\n    \\n    \n\n<div class=\\\"wmc-archive-hero-shade\\\"><\/div>\n\n\\n    \n\n<div class=\\\"wmc-archive-hero-copy\\\" uk-scrollspy=\\\"cls: uk-animation-slide-bottom; delay: 240; repeat: false;\\\">\\n      <span class=\\\"wmc-archive-badge\\\">\u00c9V\u00c9NEMENT WMC \u00b7 SAISON 2025<\/span>\\n      \n\n<h1>P\u00c2QUES<br \/>WHEEL 2025<\/h1>\n\n\\n      \n\n<p>Le grand retour printanier de WMC : pr\u00e8s de 60 riders r\u00e9unis pour une soir\u00e9e color\u00e9e et conviviale dans Paris.<\/p>\n\n\\n      <a class=\\\"wmc-archive-scroll\\\" href=\\\"#le-recit\\\">D\u00c9COUVRIR LE R\u00c9CIT \u2193<\/a>\\n    <\/div>\n\n\\n  <\/header>\n\n<\/div>\n\n\",\"margin_bottom\":\"remove\",\"margin_top\":\"remove\"}}]}]}]},{\"type\":\"section\",\"props\":{\"class\":\"wmc-archive-shell\",\"id\":\"wmc-paques-wheel-2025-content\",\"image_position\":\"center-center\",\"padding_bottom\":\"none\",\"padding_top\":\"none\",\"style\":\"default\",\"title_breakpoint\":\"xl\",\"title_position\":\"top-left\",\"title_rotation\":\"left\",\"vertical_align\":\"middle\",\"width\":\"expand\"},\"children\":[{\"type\":\"row\",\"props\":{\"column_gap\":\"none\",\"layout\":\"1-1\"},\"children\":[{\"type\":\"column\",\"props\":{\"image_position\":\"center-center\",\"position_sticky_breakpoint\":\"m\",\"width_medium\":\"1-1\"},\"children\":[{\"type\":\"text\",\"props\":{\"column_breakpoint\":\"m\",\"content\":\"\n\n<div class=\\\"wmc-archive-page wmc-archive-prefinale\\\" style=\\\"margin:0\\\">\\n\n\n<div class=\\\"wmc-archive-meta\\\" uk-scrollspy=\\\"cls: uk-animation-fade; target: div; delay: 220; repeat: false;\\\">\\n    \n\n<div><span>DATE<\/span><strong>17 AVRIL 2025<\/strong><\/div>\n\n\n\n<div><span>D\u00c9PART<\/span><strong>BNF \u00b7 PARIS 13<\/strong><\/div>\n\n\n\n<div><span>DISTANCE<\/span><strong>ENVIRON 20 KM<\/strong><\/div>\n\n\n\n<div><span>PARTICIPATION<\/span><strong>PR\u00c8S DE 60 RIDERS<\/strong><\/div>\n\n\\n  <\/div>\n\n\\n<\/div>\n\n\",\"margin_bottom\":\"remove\",\"margin_top\":\"remove\"}}]}]}]},{\"type\":\"section\",\"props\":{\"class\":\"wmc-archive-shell\",\"id\":\"wmc-paques-wheel-2025-content\",\"image_position\":\"center-center\",\"padding_bottom\":\"none\",\"padding_top\":\"none\",\"style\":\"default\",\"title_breakpoint\":\"xl\",\"title_position\":\"top-left\",\"title_rotation\":\"left\",\"vertical_align\":\"middle\",\"width\":\"expand\"},\"children\":[{\"type\":\"row\",\"props\":{\"column_gap\":\"none\",\"layout\":\"1-1\"},\"children\":[{\"type\":\"column\",\"props\":{\"image_position\":\"center-center\",\"position_sticky_breakpoint\":\"m\",\"width_medium\":\"1-1\"},\"children\":[{\"type\":\"text\",\"props\":{\"column_breakpoint\":\"m\",\"content\":\"\n\n<div class=\\\"wmc-archive-page wmc-archive-prefinale\\\" style=\\\"margin:0\\\">\\n\n\n<section class=\\\"wmc-archive-section\\\" id=\\\"le-recit\\\" uk-scrollspy=\\\"cls: uk-animation-fade; delay: 240; repeat: false;\\\">\\n    <span>LE RETOUR DE LA SAISON<\/span>\\n    \n\n<h2>PARIS AUX COULEURS<br \/>DU PRINTEMPS<\/h2>\n\n\\n    \n\n<p class=\\\"wmc-archive-lead\\\">La P\u00e2ques Wheel 2025 a lanc\u00e9 la nouvelle saison parisienne de WMC. Le groupe a parcouru une boucle nocturne d\u2019environ 20 kilom\u00e8tres, dans une ambiance accessible, festive et encadr\u00e9e.<\/p>\n\n\\n    \n\n<div class=\\\"wmc-archive-highlights\\\" uk-scrollspy=\\\"cls: uk-animation-slide-bottom; target: article; delay: 220; repeat: false;\\\">\\n      \n\n<article><b>01<\/b>\n\n<h3>PR\u00c8S DE 60 RIDERS<\/h3>\n\n\n\n<p>Une forte participation qui confirme la place de ce rendez-vous dans le calendrier WMC.<\/p>\n\n<\/article>\n\n\n\n<article><b>02<\/b>\n\n<h3>UNE SOIR\u00c9E COLOR\u00c9E<\/h3>\n\n\n\n<p>Tenues printani\u00e8res, \u00e9nergie collective et surprises ont accompagn\u00e9 le groupe dans Paris.<\/p>\n\n<\/article>\n\n\n\n<article><b>03<\/b>\n\n<h3>UN RIDE ENCADR\u00c9<\/h3>\n\n\n\n<p>L\u2019\u00e9quipe WMC a assur\u00e9 l\u2019organisation, le guidage et la s\u00e9curit\u00e9 tout au long du parcours.<\/p>\n\n<\/article>\n\n\\n    <\/div>\n\n\\n  <\/section>\n\n\\n<\/div>\n\n\",\"margin_bottom\":\"remove\",\"margin_top\":\"remove\"}}]}]}]},{\"type\":\"section\",\"props\":{\"class\":\"wmc-archive-shell\",\"id\":\"wmc-paques-wheel-2025-content\",\"image_position\":\"center-center\",\"padding_bottom\":\"none\",\"padding_top\":\"none\",\"style\":\"default\",\"title_breakpoint\":\"xl\",\"title_position\":\"top-left\",\"title_rotation\":\"left\",\"vertical_align\":\"middle\",\"width\":\"expand\"},\"children\":[{\"type\":\"row\",\"props\":{\"column_gap\":\"none\",\"layout\":\"1-1\"},\"children\":[{\"type\":\"column\",\"props\":{\"image_position\":\"center-center\",\"position_sticky_breakpoint\":\"m\",\"width_medium\":\"1-1\"},\"children\":[{\"type\":\"text\",\"props\":{\"column_breakpoint\":\"m\",\"content\":\"\n\n<div class=\\\"wmc-archive-page wmc-archive-prefinale\\\" style=\\\"margin:0\\\">\\n\n\n<section class=\\\"wmc-archive-chapter\\\" uk-scrollspy=\\\"cls: uk-animation-fade; delay: 240; repeat: false;\\\">\\n    \n\n<div><span>LE RETOUR<\/span>\n\n<h2>UNE COMMUNAUT\u00c9 QUI GRANDIT<\/h2>\n\n<\/div>\n\n\\n    \n\n<p>Un an apr\u00e8s la premi\u00e8re \u00e9dition, la P\u00e2ques Wheel change d\u2019\u00e9chelle. La fr\u00e9quentation progresse, mais l\u2019attention port\u00e9e \u00e0 l\u2019accueil, \u00e0 la s\u00e9curit\u00e9 et au rythme du groupe reste la m\u00eame.<\/p>\n\n\\n  <\/section>\n\n\\n<\/div>\n\n\",\"margin_bottom\":\"remove\",\"margin_top\":\"remove\"}}]}]}]},{\"type\":\"section\",\"props\":{\"class\":\"wmc-archive-shell\",\"id\":\"wmc-paques-wheel-2025-content\",\"image_position\":\"center-center\",\"padding_bottom\":\"none\",\"padding_top\":\"none\",\"style\":\"default\",\"title_breakpoint\":\"xl\",\"title_position\":\"top-left\",\"title_rotation\":\"left\",\"vertical_align\":\"middle\",\"width\":\"expand\"},\"children\":[{\"type\":\"row\",\"props\":{\"column_gap\":\"none\",\"layout\":\"1-1\"},\"children\":[{\"type\":\"column\",\"props\":{\"image_position\":\"center-center\",\"position_sticky_breakpoint\":\"m\",\"width_medium\":\"1-1\"},\"children\":[{\"type\":\"text\",\"props\":{\"column_breakpoint\":\"m\",\"content\":\"\n\n<div class=\\\"wmc-archive-page wmc-archive-prefinale\\\" style=\\\"margin:0\\\">\\n\n\n<section class=\\\"wmc-archive-section wmc-archive-section-media\\\" uk-scrollspy=\\\"cls: uk-animation-slide-left; delay: 220; repeat: false;\\\">\\n    <span>RETOUR EN IMAGES<\/span>\\n    \n\n<h2>UNE COMMUNAUT\u00c9<br \/>R\u00c9UNIE \u00c0 PARIS<\/h2>\n\n\\n    \\n    \n\n<div class=\\\"wmc-archive-slideshow uk-position-relative uk-visible-toggle\\\" tabindex=\\\"-1\\\"\\n      uk-slideshow=\\\"animation: pull; autoplay: true; pause-on-hover: true; autoplay-interval: 4800; ratio: 16:9\\\">\\n      \n\n<ul class=\\\"uk-slideshow-items\\\">\\n        \n\n<li><img src=\\\"\/wp-content\/uploads\/2026\/07\/paques-wheel-2025-tour-eiffel.webp\\\" alt=\\\"P\u00e2ques Wheel WMC 2025 devant la tour Eiffel\\\" loading=\\\"eager\\\" uk-cover>\n\n<div class=\\\"wmc-slide-counter\\\">01 \/ 02<\/div>\n\n<\/li>\n\n\n\n<li><img src=\\\"\/wp-content\/uploads\/2026\/07\/paques-wheel-2025-groupe.webp\\\" alt=\\\"Participants de la P\u00e2ques Wheel WMC 2025\\\" loading=\\\"eager\\\" uk-cover>\n\n<div class=\\\"wmc-slide-counter\\\">02 \/ 02<\/div>\n\n<\/li>\n\n\\n      <\/ul>\n\n\\n      <a class=\\\"uk-position-center-left uk-position-small uk-hidden-hover\\\" href uk-slidenav-previous uk-slideshow-item=\\\"previous\\\" aria-label=\\\"Image pr\u00e9c\u00e9dente\\\"><\/a>\\n      <a class=\\\"uk-position-center-right uk-position-small uk-hidden-hover\\\" href uk-slidenav-next uk-slideshow-item=\\\"next\\\" aria-label=\\\"Image suivante\\\"><\/a>\\n      \n\n<ul class=\\\"uk-slideshow-nav uk-dotnav uk-flex-center uk-margin\\\"><\/ul>\n\n\\n      <span class=\\\"wmc-slideshow-label\\\">\u00c9V\u00c9NEMENT WMC \u00b7 SAISON 2025<\/span>\\n    <\/div>\n\n\\n    \\n    \\n    \n\n<div class=\\\"wmc-archive-video-link\\\">\n\n<div><span>CONTENUS OFFICIELS<\/span><strong>WMC \u00b7 SAISON 2025<\/strong><\/div>\n\n<a href=\\\"https:\/\/www.instagram.com\/wmc.paris\/\\\" target=\\\"_blank\\\" rel=\\\"noopener\\\">VOIR SUR INSTAGRAM \u2192<\/a><\/div>\n\n\\n  <\/section>\n\n\\n<\/div>\n\n\",\"margin_bottom\":\"remove\",\"margin_top\":\"remove\"}}]}]}]},{\"type\":\"section\",\"props\":{\"class\":\"wmc-archive-shell\",\"id\":\"wmc-paques-wheel-2025-content\",\"image_position\":\"center-center\",\"padding_bottom\":\"none\",\"padding_top\":\"none\",\"style\":\"default\",\"title_breakpoint\":\"xl\",\"title_position\":\"top-left\",\"title_rotation\":\"left\",\"vertical_align\":\"middle\",\"width\":\"expand\"},\"children\":[{\"type\":\"row\",\"props\":{\"column_gap\":\"none\",\"layout\":\"1-1\"},\"children\":[{\"type\":\"column\",\"props\":{\"image_position\":\"center-center\",\"position_sticky_breakpoint\":\"m\",\"width_medium\":\"1-1\"},\"children\":[{\"type\":\"text\",\"props\":{\"column_breakpoint\":\"m\",\"content\":\"\n\n<div id=\\\"retour-images\\\" class=\\\"uk-container wmc-gallery-intro\\\">\\n  \n\n<div class=\\\"wmc-kicker\\\">RETOUR EN IMAGES<\/div>\n\n\\n  \n\n<h2 class=\\\"wmc-display\\\">P\u00c2QUES WHEEL S2<br \/><em>EN CINQ TEMPS FORTS<\/em><\/h2>\n\n\\n  \n\n<p>De l\u2019annonce au bilan, retrouve cinq images qui racontent le retour printanier du crew dans Paris.<\/p>\n\n\\n<\/div>\n\n\",\"margin_bottom\":\"remove\",\"margin_top\":\"remove\"}},{\"type\":\"slideshow\",\"props\":{\"link_style\":\"default\",\"link_text\":\"Read more\",\"margin_bottom\":\"default\",\"margin_top\":\"default\",\"meta_align\":\"below-title\",\"meta_element\":\"div\",\"meta_style\":\"text-meta\",\"nav\":\"thumbnav\",\"nav_align\":\"center\",\"nav_breakpoint\":\"s\",\"nav_position\":\"top-right\",\"nav_position_margin\":\"medium\",\"overlay_animation\":\"parallax\",\"overlay_position\":\"center-left\",\"show_content\":false,\"show_link\":false,\"show_meta\":false,\"show_thumbnail\":true,\"show_title\":false,\"slidenav\":\"default\",\"slidenav_breakpoint\":\"s\",\"slidenav_margin\":\"medium\",\"slidenav_outside_breakpoint\":\"xl\",\"slideshow_autoplay_pause\":true,\"slideshow_min_height\":300,\"thumbnav_height\":\"75\",\"thumbnav_svg_color\":\"emphasis\",\"thumbnav_width\":\"100\",\"title_element\":\"h3\",\"title_hover_style\":\"reset\"},\"children\":[{\"type\":\"slideshow_item\",\"props\":{\"image\":\"wp-content\/uploads\/2026\/07\/paques-wheel-2025-groupe.webp\",\"image_alt\":\"Groupe des participants de P\u00e2ques Wheel 2025 \u00e0 Paris\",\"title\":\"LE GROUPE\"}},{\"type\":\"slideshow_item\",\"props\":{\"image\":\"wp-content\/uploads\/2026\/07\/paques-wheel-2025-tour-eiffel.webp\",\"image_alt\":\"Riders de P\u00e2ques Wheel 2025 devant la tour Eiffel\",\"title\":\"PARIS EN LUMI\u00c8RE\"}},{\"type\":\"slideshow_item\",\"props\":{\"image\":\"wp-content\/uploads\/2026\/07\/paques-wheel-2024-groupe.webp\",\"image_alt\":\"P\u00e2ques Wheel \u2014 photo de groupe 2024\",\"thumbnail\":\"wp-content\/uploads\/2026\/07\/paques-wheel-2024-groupe.webp\",\"title\":\"486024906_969016012083331_2417035279135289156_n\"}},{\"type\":\"slideshow_item\",\"props\":{\"image\":\"wp-content\/uploads\/2026\/07\/paques-wheel-2024-affiche.webp\",\"image_alt\":\"P\u00e2ques Wheel \u2014 affiche 2024\",\"thumbnail\":\"wp-content\/uploads\/2026\/07\/paques-wheel-2024-affiche.webp\",\"title\":\"491710744_977460917874305_5971708449388557262_n\"}},{\"type\":\"slideshow_item\",\"props\":{\"image\":\"wp-content\/uploads\/2026\/07\/paques-wheel-2025-groupe.webp\",\"image_alt\":\"P\u00e2ques Wheel 2025 \u2014 participants\",\"thumbnail\":\"wp-content\/uploads\/2026\/07\/paques-wheel-2025-groupe.webp\",\"title\":\"491417927_982954600675071_87364204142776687_n\"}}]}]}]}]},{\"type\":\"section\",\"props\":{\"class\":\"wmc-archive-shell\",\"id\":\"wmc-paques-wheel-2025-content\",\"image_position\":\"center-center\",\"padding_bottom\":\"none\",\"padding_top\":\"none\",\"style\":\"default\",\"title_breakpoint\":\"xl\",\"title_position\":\"top-left\",\"title_rotation\":\"left\",\"vertical_align\":\"middle\",\"width\":\"expand\"},\"children\":[{\"type\":\"row\",\"props\":{\"column_gap\":\"none\",\"layout\":\"1-1\"},\"children\":[{\"type\":\"column\",\"props\":{\"image_position\":\"center-center\",\"position_sticky_breakpoint\":\"m\",\"width_medium\":\"1-1\"},\"children\":[{\"type\":\"text\",\"props\":{\"column_breakpoint\":\"m\",\"content\":\"\n\n<style>\\n.wmc-event-timeline{--red:#e93138;--ink:#101010;--soft:#f3f0eb;max-width:1180px;margin:70px auto 100px;padding:54px;background:var(--soft);color:var(--ink)}\\n.wmc-event-timeline *{box-sizing:border-box}.wmc-event-timeline header{display:grid;grid-template-columns:1.2fr .8fr;gap:40px;align-items:end;margin-bottom:34px}.wmc-event-timeline .wmc-et-kicker{display:block;color:var(--red);font-size:12px;font-weight:900;letter-spacing:.15em;text-transform:uppercase;margin-bottom:12px}.wmc-event-timeline h2{font-size:clamp(34px,5vw,62px);line-height:.92;letter-spacing:-.045em;text-transform:uppercase;margin:0}.wmc-event-timeline header p{font-size:16px;line-height:1.55;color:#555;margin:0}.wmc-et-gallery{display:grid;grid-template-columns:repeat(3,1fr);gap:10px;margin-bottom:34px}.wmc-et-gallery img{width:100%;height:220px;object-fit:cover;background:#171717}.wmc-et-steps{list-style:none;margin:0;padding:0;border-top:1px solid #d6d0c8}.wmc-et-steps li{display:grid;grid-template-columns:110px 1fr;gap:24px;padding:22px 0;border-bottom:1px solid #d6d0c8}.wmc-et-steps time{font-weight:900;color:var(--red);font-size:12px;letter-spacing:.08em;text-transform:uppercase}.wmc-et-steps strong{display:block;font-size:18px;text-transform:uppercase;margin-bottom:7px}.wmc-et-steps p{margin:0;color:#444;line-height:1.6;font-size:15px}.wmc-et-footer{display:flex;justify-content:space-between;gap:24px;align-items:center;margin-top:28px}.wmc-et-credit{color:#777;font-size:12px}.wmc-et-all{background:var(--ink);color:#fff!important;text-decoration:none!important;padding:13px 17px;font-size:11px;font-weight:900;letter-spacing:.08em;text-transform:uppercase}.wmc-et-all:hover{background:var(--red)}\\n@media(max-width:639px){.wmc-event-timeline{margin:40px 18px 70px;padding:28px 22px}.wmc-event-timeline header{grid-template-columns:1fr;gap:18px}.wmc-et-gallery{grid-template-columns:1fr}.wmc-et-gallery img{height:auto}.wmc-et-steps li{grid-template-columns:1fr;gap:8px}.wmc-et-footer{align-items:flex-start;flex-direction:column}}\\n<\/style>\n\n\\n\n\n<section class=\\\"wmc-event-timeline\\\" aria-labelledby=\\\"paques-timeline-title\\\">\\n\n\n<header>\n\n<div><span class=\\\"wmc-et-kicker\\\">Chronologie de l\u2019\u00e9v\u00e9nement<\/span>\n\n<h2 id=\\\"paques-timeline-title\\\">Du retour de saison au bilan.<\/h2>\n\n<\/div>\n\n\n\n<p>Quatre \u00e9tapes racontent la P\u00e2ques Wheel S2 : l\u2019annonce, le rappel final, le ride et le retour de la communaut\u00e9.<\/p>\n\n<\/header>\n\n\\n\n\n<div class=\\\"wmc-et-gallery\\\"><img src=\\\"\/wp-content\/uploads\/2026\/07\/paques-wheel-2024-groupe.webp\\\" alt=\\\"P\u00e2ques Wheel \u2014 photo de groupe\\\"><img src=\\\"\/wp-content\/uploads\/2026\/07\/paques-wheel-2024-affiche.webp\\\" alt=\\\"P\u00e2ques Wheel \u2014 affiche de l\u2019\u00e9v\u00e9nement\\\"><img src=\\\"\/wp-content\/uploads\/2026\/07\/paques-wheel-2025-groupe.webp\\\" alt=\\\"P\u00e2ques Wheel 2025 \u2014 participants\\\"><\/div>\n\n\\n\n\n<ul class=\\\"wmc-et-steps\\\">\n\n<li><time>23 mars<\/time>\n\n<div><strong>La saison red\u00e9marre<\/strong>\n\n<p>WMC annonce un ride nocturne au d\u00e9part de la BNF, avec chasse aux \u0153ufs, d\u00e9fis, cadeaux et une boucle annonc\u00e9e entre 20 et 30 km.<\/p>\n\n<\/div>\n\n<\/li>\n\n\n\n<li><time>15 avril<\/time>\n\n<div><strong>J-2 : les informations finales<\/strong>\n\n<p>Rendez-vous \u00e0 19 h, d\u00e9part group\u00e9 \u00e0 19 h 30 et parcours d\u2019environ 20 km. Le message rappelle le r\u00f4le des d\u00e9guisements, de l\u2019\u00e9nergie du groupe et de la ponctualit\u00e9.<\/p>\n\n<\/div>\n\n<\/li>\n\n\n\n<li><time>17 avril<\/time>\n\n<div><strong>Le jour J<\/strong>\n\n<p>Pr\u00e8s de 60 riders parcourent Paris dans une ambiance printani\u00e8re, fluide et encadr\u00e9e.<\/p>\n\n<\/div>\n\n<\/li>\n\n\n\n<li><time>18 avril<\/time>\n\n<div><strong>Le bilan<\/strong>\n\n<p>WMC remercie les participants et les membres charg\u00e9s de l\u2019organisation, du guidage et de la s\u00e9curit\u00e9. Le film est annonc\u00e9 dans la continuit\u00e9 de l\u2019\u00e9v\u00e9nement.<\/p>\n\n<\/div>\n\n<\/li>\n\n<\/ul>\n\n\\n\n\n<footer class=\\\"wmc-et-footer\\\">\n\n<div class=\\\"wmc-et-credit\\\">Illustrations et contenus : Stewer West \u00b7 Team WMC<\/div>\n\n<a class=\\\"wmc-et-all\\\" href=\\\"\/index.php\/media\/#recits-evenements\\\">Films et photos de l\u2019\u00e9v\u00e9nement \u2192<\/a><\/footer>\n\n\\n<\/section>\n\n\",\"margin_bottom\":\"remove\",\"margin_top\":\"remove\"}}]}]}]}],\"version\":\"5.0.12\"} --><\/p>\n","protected":false},"excerpt":{"rendered":"<p>\u00c9V\u00c9NEMENT WMC \u00b7 SAISON 2025 P\u00c2QUESWHEEL 2025 Le grand retour printanier de WMC : pr\u00e8s de 60 riders r\u00e9unis pour une soir\u00e9e color\u00e9e et conviviale dans Paris. D\u00c9COUVRIR LE R\u00c9CIT \u2193 DATE17 AVRIL 2025 D\u00c9PARTBNF \u00b7 PARIS 13 DISTANCEENVIRON 20 KM PARTICIPATIONPR\u00c8S DE 60 RIDERS LE RETOUR DE LA SAISON PARIS AUX COULEURSDU PRINTEMPS La [&hellip;]<\/p>\n","protected":false},"author":1,"featured_media":1225,"comment_status":"closed","ping_status":"open","sticky":false,"template":"","format":"standard","meta":{"footnotes":""},"categories":[18],"tags":[],"class_list":["post-584","post","type-post","status-publish","format-standard","has-post-thumbnail","hentry","category-les-evenements-wmc"],"_links":{"self":[{"href":"https:\/\/wmc.paris\/index.php\/wp-json\/wp\/v2\/posts\/584","targetHints":{"allow":["GET"]}}],"collection":[{"href":"https:\/\/wmc.paris\/index.php\/wp-json\/wp\/v2\/posts"}],"about":[{"href":"https:\/\/wmc.paris\/index.php\/wp-json\/wp\/v2\/types\/post"}],"author":[{"embeddable":true,"href":"https:\/\/wmc.paris\/index.php\/wp-json\/wp\/v2\/users\/1"}],"replies":[{"embeddable":true,"href":"https:\/\/wmc.paris\/index.php\/wp-json\/wp\/v2\/comments?post=584"}],"version-history":[{"count":23,"href":"https:\/\/wmc.paris\/index.php\/wp-json\/wp\/v2\/posts\/584\/revisions"}],"predecessor-version":[{"id":1781,"href":"https:\/\/wmc.paris\/index.php\/wp-json\/wp\/v2\/posts\/584\/revisions\/1781"}],"wp:featuredmedia":[{"embeddable":true,"href":"https:\/\/wmc.paris\/index.php\/wp-json\/wp\/v2\/media\/1225"}],"wp:attachment":[{"href":"https:\/\/wmc.paris\/index.php\/wp-json\/wp\/v2\/media?parent=584"}],"wp:term":[{"taxonomy":"category","embeddable":true,"href":"https:\/\/wmc.paris\/index.php\/wp-json\/wp\/v2\/categories?post=584"},{"taxonomy":"post_tag","embeddable":true,"href":"https:\/\/wmc.paris\/index.php\/wp-json\/wp\/v2\/tags?post=584"}],"curies":[{"name":"wp","href":"https:\/\/api.w.org\/{rel}","templated":true}]}}